{"id":9841,"date":"2015-10-23T18:50:31","date_gmt":"2015-10-23T20:50:31","guid":{"rendered":"http:\/\/www2.comunitaria.com.br\/?p=9841"},"modified":"2015-10-23T18:50:31","modified_gmt":"2015-10-23T20:50:31","slug":"abertura-oficial-da-1a-feira-regional-da-agricultura-familiar-reuniu-autoridades","status":"publish","type":"post","link":"https:\/\/www2.comunitaria.com.br\/en\/abertura-oficial-da-1a-feira-regional-da-agricultura-familiar-reuniu-autoridades\/","title":{"rendered":"Abertura oficial da 1\u00aa Feira Regional da Agricultura Familiar reuniu autoridades"},"content":{"rendered":"<p style=\"text-align: justify;\">A 1\u00aa Feira Regional da Agricultura Familiar, Agroind\u00fastria, Artesanato e Biodiversidade <a href=\"http:\/\/www2.comunitaria.com.br\/en\/feira-regional-da-agricultura-familiar-comeca-movimentada\/\" target=\"_blank\">come\u00e7ou na manh\u00e3 desta sexta-feira, dia 23<\/a>, e segue no s\u00e1bado e domingo, no parque de Exposi\u00e7\u00f5es Monsenhor Vitor Batistella de Frederico Westphalen, reunindo\u00a0cerca de 300 expositores.<\/p>\n<p style=\"text-align: justify;\">A abertura oficial ocorreu por volta das 12 horas. O protocolo de abertura ressaltou que os tr\u00eas dias de Feira possibilitar\u00e3o conhecer, conversar, comprar e trocar informa\u00e7\u00f5es com agricultores que produzem os alimentos que se encontram na mesa da comunidade. Tamb\u00e9m haver\u00e1 degusta\u00e7\u00e3o de receitas feitas no espa\u00e7o Cozinha Did\u00e1tica. Os visitantes poder\u00e3o conhecer todas as riquezas e o potencial do setor prim\u00e1rio dos 42 munic\u00edpios que comp\u00f5e a regional Emater de Frederico Westphalen.<\/p>\n<p style=\"text-align: justify;\">A mesa oficial de abertura foi composta pelas seguintes autoridades:\u00a0Roberto Felin Junior, prefeito de Frederico Westphalen; Tarc\u00edsio Minetto, Secret\u00e1rio Estadual de Desenvolvimento Rural, Pesca e Cooperativismo (SDR); Edegar Pretto, Deputado Estadual; Clair Tom\u00e9 Kuhn, presidente da Emater\/RS-Ascar; Dionilso Marcon, Deputado Federal; Ant\u00f4nio Carlos Damin, presidente da AMZOP e prefeito de Planalto; Diogo Duarte, o presidente da Associa\u00e7\u00e3o das C\u00e2maras de Vereadores do M\u00e9dio Alto Uruguai (Acvermau); Edemar Girardi, o presidente do Conselho de Desenvolvimento do M\u00e9dio Alto Uruguai (Codemau); Eugenio Poltronieri, presidente do Sicredi Alto Uruguai; Francisco Frizzo, gerente Regional da Emater de Frederico Westphalen; M\u00e1rio Ant\u00f4nio Coelho da Silva\u00a0gerente-adjunto\u00a0Regional da Emater de Frederico Westphalen e coordenador da Feira; e Junior Piaia, Deputado Estadual.<\/p>\n<p style=\"text-align: justify;\">O Prefeito Municipal de Frederico Westphalen, Roberto Felin Junior, fala sobre a disponibiliza\u00e7\u00e3o e estrutura\u00a0do Parque de Exposi\u00e7\u00f5es para eventos como esse:<\/p>\n<audio class=\"wp-audio-shortcode\" id=\"audio-9841-1\" preload=\"none\" style=\"width: 100%;\" controls=\"controls\"><source type=\"audio\/mpeg\" src=\"http:\/\/www2.comunitaria.com.br\/wp-content\/uploads\/2015\/10\/Prefeito1.mp3?_=1\" \/><a href=\"http:\/\/www2.comunitaria.com.br\/wp-content\/uploads\/2015\/10\/Prefeito1.mp3\">http:\/\/www2.comunitaria.com.br\/wp-content\/uploads\/2015\/10\/Prefeito1.mp3<\/a><\/audio>\n<p>Lauro Luiz Somavilla, Secret\u00e1rio da Agricultura de Frederico Westphalen disse que s\u00e3o nove agroind\u00fastrias do munic\u00edpio participando da Feira, al\u00e9m dos artes\u00e3os, que est\u00e3o expondo cuias, porongos e demais produtos do artesanato.<\/p>\n<audio class=\"wp-audio-shortcode\" id=\"audio-9841-2\" preload=\"none\" style=\"width: 100%;\" controls=\"controls\"><source type=\"audio\/mpeg\" src=\"http:\/\/www2.comunitaria.com.br\/wp-content\/uploads\/2015\/10\/Somavilla.mp3?_=2\" \/><a href=\"http:\/\/www2.comunitaria.com.br\/wp-content\/uploads\/2015\/10\/Somavilla.mp3\">http:\/\/www2.comunitaria.com.br\/wp-content\/uploads\/2015\/10\/Somavilla.mp3<\/a><\/audio>\n<p style=\"text-align: justify;\">O Pe. Leonir,\u00a0p\u00e1roco de Frederico Westphalen, realizou a ben\u00e7\u00e3o da Feira. Empreendedores rurais da regi\u00e3o receberam o Selo Sabor Ga\u00facho. Na abertura, tamb\u00e9m foi assinado um termo de coopera\u00e7\u00e3o entre a Emater\/RS-Ascar e Creluz, que visa a recupera\u00e7\u00e3o, melhoria e preserva\u00e7\u00e3o do meio ambiente. Para encerrar o protocolo de abertura, as autoridades desamarraram uma fita estendida na entrada principal do Pavilh\u00e3o 4, simbolizando a abertura da Feira.<\/p>\n\n\t\t<style>\n\t\t\t#gallery-1 {\n\t\t\t\tmargin: auto;\n\t\t\t}\n\t\t\t#gallery-1 .gallery-item {\n\t\t\t\tfloat: left;\n\t\t\t\tmargin-top: 10px;\n\t\t\t\ttext-align: center;\n\t\t\t\twidth: 25%;\n\t\t\t}\n\t\t\t#gallery-1 img {\n\t\t\t\tborder: 2px solid #cfcfcf;\n\t\t\t}\n\t\t\t#gallery-1 .gallery-caption {\n\t\t\t\tmargin-left: 0;\n\t\t\t}\n\t\t\t\/* see gallery_shortcode() in wp-includes\/media.php *\/\n\t\t<\/style>\n\t\t<div id='gallery-1' class='gallery galleryid-9841 gallery-columns-4 gallery-size-thumbnail'><dl class='gallery-item'>\n\t\t\t<dt class='gallery-icon landscape'>\n\t\t\t\t<a href='https:\/\/www2.comunitaria.com.br\/en\/abertura-oficial-da-1a-feira-regional-da-agricultura-familiar-reuniu-autoridades\/dsc_0049-9\/'><img loading=\"lazy\" decoding=\"async\" width=\"150\" height=\"150\" src=\"https:\/\/www2.comunitaria.com.br\/wp-content\/uploads\/2015\/10\/DSC_00493-150x150.jpg\" class=\"attachment-thumbnail size-thumbnail\" alt=\"\" aria-describedby=\"gallery-1-9844\" srcset=\"https:\/\/www2.comunitaria.com.br\/wp-content\/uploads\/2015\/10\/DSC_00493-150x150.jpg 150w, https:\/\/www2.comunitaria.com.br\/wp-content\/uploads\/2015\/10\/DSC_00493-65x65.jpg 65w\" sizes=\"auto, (max-width: 150px) 100vw, 150px\" \/><\/a>\n\t\t\t<\/dt>\n\t\t\t\t<dd class='wp-caption-text gallery-caption' id='gallery-1-9844'>\n\t\t\t\tFoto: Eduarda Wilhelm\n\t\t\t\t<\/dd><\/dl><dl class='gallery-item'>\n\t\t\t<dt class='gallery-icon landscape'>\n\t\t\t\t<a href='https:\/\/www2.comunitaria.com.br\/en\/abertura-oficial-da-1a-feira-regional-da-agricultura-familiar-reuniu-autoridades\/dsc_0054-8\/'><img loading=\"lazy\" decoding=\"async\" width=\"150\" height=\"150\" src=\"https:\/\/www2.comunitaria.com.br\/wp-content\/uploads\/2015\/10\/DSC_00542-150x150.jpg\" class=\"attachment-thumbnail size-thumbnail\" alt=\"\" aria-describedby=\"gallery-1-9845\" srcset=\"https:\/\/www2.comunitaria.com.br\/wp-content\/uploads\/2015\/10\/DSC_00542-150x150.jpg 150w, https:\/\/www2.comunitaria.com.br\/wp-content\/uploads\/2015\/10\/DSC_00542-65x65.jpg 65w\" sizes=\"auto, (max-width: 150px) 100vw, 150px\" \/><\/a>\n\t\t\t<\/dt>\n\t\t\t\t<dd class='wp-caption-text gallery-caption' id='gallery-1-9845'>\n\t\t\t\tFoto: Eduarda Wilhelm\n\t\t\t\t<\/dd><\/dl><dl class='gallery-item'>\n\t\t\t<dt class='gallery-icon landscape'>\n\t\t\t\t<a href='https:\/\/www2.comunitaria.com.br\/en\/abertura-oficial-da-1a-feira-regional-da-agricultura-familiar-reuniu-autoridades\/dsc_0055-4\/'><img loading=\"lazy\" decoding=\"async\" width=\"150\" height=\"150\" src=\"https:\/\/www2.comunitaria.com.br\/wp-content\/uploads\/2015\/10\/DSC_00551-150x150.jpg\" class=\"attachment-thumbnail size-thumbnail\" alt=\"\" aria-describedby=\"gallery-1-9846\" srcset=\"https:\/\/www2.comunitaria.com.br\/wp-content\/uploads\/2015\/10\/DSC_00551-150x150.jpg 150w, https:\/\/www2.comunitaria.com.br\/wp-content\/uploads\/2015\/10\/DSC_00551-65x65.jpg 65w\" sizes=\"auto, (max-width: 150px) 100vw, 150px\" \/><\/a>\n\t\t\t<\/dt>\n\t\t\t\t<dd class='wp-caption-text gallery-caption' id='gallery-1-9846'>\n\t\t\t\tFoto: Eduarda Wilhelm\n\t\t\t\t<\/dd><\/dl><dl class='gallery-item'>\n\t\t\t<dt class='gallery-icon landscape'>\n\t\t\t\t<a href='https:\/\/www2.comunitaria.com.br\/en\/abertura-oficial-da-1a-feira-regional-da-agricultura-familiar-reuniu-autoridades\/dsc_0056-8\/'><img loading=\"lazy\" decoding=\"async\" width=\"150\" height=\"150\" src=\"https:\/\/www2.comunitaria.com.br\/wp-content\/uploads\/2015\/10\/DSC_00561-150x150.jpg\" class=\"attachment-thumbnail size-thumbnail\" alt=\"\" aria-describedby=\"gallery-1-9847\" srcset=\"https:\/\/www2.comunitaria.com.br\/wp-content\/uploads\/2015\/10\/DSC_00561-150x150.jpg 150w, https:\/\/www2.comunitaria.com.br\/wp-content\/uploads\/2015\/10\/DSC_00561-65x65.jpg 65w\" sizes=\"auto, (max-width: 150px) 100vw, 150px\" \/><\/a>\n\t\t\t<\/dt>\n\t\t\t\t<dd class='wp-caption-text gallery-caption' id='gallery-1-9847'>\n\t\t\t\tFoto: Eduarda Wilhelm\n\t\t\t\t<\/dd><\/dl><br style=\"clear: both\" \/><dl class='gallery-item'>\n\t\t\t<dt class='gallery-icon landscape'>\n\t\t\t\t<a href='https:\/\/www2.comunitaria.com.br\/en\/abertura-oficial-da-1a-feira-regional-da-agricultura-familiar-reuniu-autoridades\/dsc_0058-8\/'><img loading=\"lazy\" decoding=\"async\" width=\"150\" height=\"150\" src=\"https:\/\/www2.comunitaria.com.br\/wp-content\/uploads\/2015\/10\/DSC_00582-150x150.jpg\" class=\"attachment-thumbnail size-thumbnail\" alt=\"\" aria-describedby=\"gallery-1-9848\" srcset=\"https:\/\/www2.comunitaria.com.br\/wp-content\/uploads\/2015\/10\/DSC_00582-150x150.jpg 150w, https:\/\/www2.comunitaria.com.br\/wp-content\/uploads\/2015\/10\/DSC_00582-65x65.jpg 65w\" sizes=\"auto, (max-width: 150px) 100vw, 150px\" \/><\/a>\n\t\t\t<\/dt>\n\t\t\t\t<dd class='wp-caption-text gallery-caption' id='gallery-1-9848'>\n\t\t\t\tFoto: Eduarda Wilhelm\n\t\t\t\t<\/dd><\/dl><dl class='gallery-item'>\n\t\t\t<dt class='gallery-icon landscape'>\n\t\t\t\t<a href='https:\/\/www2.comunitaria.com.br\/en\/abertura-oficial-da-1a-feira-regional-da-agricultura-familiar-reuniu-autoridades\/dsc_0063-4\/'><img loading=\"lazy\" decoding=\"async\" width=\"150\" height=\"150\" src=\"https:\/\/www2.comunitaria.com.br\/wp-content\/uploads\/2015\/10\/DSC_0063-150x150.jpg\" class=\"attachment-thumbnail size-thumbnail\" alt=\"\" aria-describedby=\"gallery-1-9849\" srcset=\"https:\/\/www2.comunitaria.com.br\/wp-content\/uploads\/2015\/10\/DSC_0063-150x150.jpg 150w, https:\/\/www2.comunitaria.com.br\/wp-content\/uploads\/2015\/10\/DSC_0063-65x65.jpg 65w\" sizes=\"auto, (max-width: 150px) 100vw, 150px\" \/><\/a>\n\t\t\t<\/dt>\n\t\t\t\t<dd class='wp-caption-text gallery-caption' id='gallery-1-9849'>\n\t\t\t\tFoto: Eduarda Wilhelm\n\t\t\t\t<\/dd><\/dl><dl class='gallery-item'>\n\t\t\t<dt class='gallery-icon landscape'>\n\t\t\t\t<a href='https:\/\/www2.comunitaria.com.br\/en\/abertura-oficial-da-1a-feira-regional-da-agricultura-familiar-reuniu-autoridades\/dsc_0067-6\/'><img loading=\"lazy\" decoding=\"async\" width=\"150\" height=\"150\" src=\"https:\/\/www2.comunitaria.com.br\/wp-content\/uploads\/2015\/10\/DSC_00673-150x150.jpg\" class=\"attachment-thumbnail size-thumbnail\" alt=\"\" aria-describedby=\"gallery-1-9850\" srcset=\"https:\/\/www2.comunitaria.com.br\/wp-content\/uploads\/2015\/10\/DSC_00673-150x150.jpg 150w, https:\/\/www2.comunitaria.com.br\/wp-content\/uploads\/2015\/10\/DSC_00673-65x65.jpg 65w\" sizes=\"auto, (max-width: 150px) 100vw, 150px\" \/><\/a>\n\t\t\t<\/dt>\n\t\t\t\t<dd class='wp-caption-text gallery-caption' id='gallery-1-9850'>\n\t\t\t\tFoto: Eduarda Wilhelm\n\t\t\t\t<\/dd><\/dl><dl class='gallery-item'>\n\t\t\t<dt class='gallery-icon landscape'>\n\t\t\t\t<a href='https:\/\/www2.comunitaria.com.br\/en\/abertura-oficial-da-1a-feira-regional-da-agricultura-familiar-reuniu-autoridades\/dsc_0073-4\/'><img loading=\"lazy\" decoding=\"async\" width=\"150\" height=\"150\" src=\"https:\/\/www2.comunitaria.com.br\/wp-content\/uploads\/2015\/10\/DSC_0073-150x150.jpg\" class=\"attachment-thumbnail size-thumbnail\" alt=\"\" aria-describedby=\"gallery-1-9851\" srcset=\"https:\/\/www2.comunitaria.com.br\/wp-content\/uploads\/2015\/10\/DSC_0073-150x150.jpg 150w, https:\/\/www2.comunitaria.com.br\/wp-content\/uploads\/2015\/10\/DSC_0073-65x65.jpg 65w\" sizes=\"auto, (max-width: 150px) 100vw, 150px\" \/><\/a>\n\t\t\t<\/dt>\n\t\t\t\t<dd class='wp-caption-text gallery-caption' id='gallery-1-9851'>\n\t\t\t\tFoto: Eduarda Wilhelm\n\t\t\t\t<\/dd><\/dl><br style=\"clear: both\" \/><dl class='gallery-item'>\n\t\t\t<dt class='gallery-icon landscape'>\n\t\t\t\t<a href='https:\/\/www2.comunitaria.com.br\/en\/abertura-oficial-da-1a-feira-regional-da-agricultura-familiar-reuniu-autoridades\/dsc_0075-7\/'><img loading=\"lazy\" decoding=\"async\" width=\"150\" height=\"150\" src=\"https:\/\/www2.comunitaria.com.br\/wp-content\/uploads\/2015\/10\/DSC_00752-150x150.jpg\" class=\"attachment-thumbnail size-thumbnail\" alt=\"\" aria-describedby=\"gallery-1-9852\" srcset=\"https:\/\/www2.comunitaria.com.br\/wp-content\/uploads\/2015\/10\/DSC_00752-150x150.jpg 150w, https:\/\/www2.comunitaria.com.br\/wp-content\/uploads\/2015\/10\/DSC_00752-65x65.jpg 65w\" sizes=\"auto, (max-width: 150px) 100vw, 150px\" \/><\/a>\n\t\t\t<\/dt>\n\t\t\t\t<dd class='wp-caption-text gallery-caption' id='gallery-1-9852'>\n\t\t\t\tFoto: Eduarda Wilhelm\n\t\t\t\t<\/dd><\/dl><dl class='gallery-item'>\n\t\t\t<dt class='gallery-icon landscape'>\n\t\t\t\t<a href='https:\/\/www2.comunitaria.com.br\/en\/abertura-oficial-da-1a-feira-regional-da-agricultura-familiar-reuniu-autoridades\/dsc_0079-9\/'><img loading=\"lazy\" decoding=\"async\" width=\"150\" height=\"150\" src=\"https:\/\/www2.comunitaria.com.br\/wp-content\/uploads\/2015\/10\/DSC_00792-150x150.jpg\" class=\"attachment-thumbnail size-thumbnail\" alt=\"\" aria-describedby=\"gallery-1-9853\" srcset=\"https:\/\/www2.comunitaria.com.br\/wp-content\/uploads\/2015\/10\/DSC_00792-150x150.jpg 150w, https:\/\/www2.comunitaria.com.br\/wp-content\/uploads\/2015\/10\/DSC_00792-65x65.jpg 65w\" sizes=\"auto, (max-width: 150px) 100vw, 150px\" \/><\/a>\n\t\t\t<\/dt>\n\t\t\t\t<dd class='wp-caption-text gallery-caption' id='gallery-1-9853'>\n\t\t\t\tFoto: Eduarda Wilhelm\n\t\t\t\t<\/dd><\/dl><dl class='gallery-item'>\n\t\t\t<dt class='gallery-icon landscape'>\n\t\t\t\t<a href='https:\/\/www2.comunitaria.com.br\/en\/abertura-oficial-da-1a-feira-regional-da-agricultura-familiar-reuniu-autoridades\/dsc_0081-8\/'><img loading=\"lazy\" decoding=\"async\" width=\"150\" height=\"150\" src=\"https:\/\/www2.comunitaria.com.br\/wp-content\/uploads\/2015\/10\/DSC_00812-150x150.jpg\" class=\"attachment-thumbnail size-thumbnail\" alt=\"\" aria-describedby=\"gallery-1-9854\" srcset=\"https:\/\/www2.comunitaria.com.br\/wp-content\/uploads\/2015\/10\/DSC_00812-150x150.jpg 150w, https:\/\/www2.comunitaria.com.br\/wp-content\/uploads\/2015\/10\/DSC_00812-65x65.jpg 65w\" sizes=\"auto, (max-width: 150px) 100vw, 150px\" \/><\/a>\n\t\t\t<\/dt>\n\t\t\t\t<dd class='wp-caption-text gallery-caption' id='gallery-1-9854'>\n\t\t\t\tFoto: Eduarda Wilhelm\n\t\t\t\t<\/dd><\/dl><dl class='gallery-item'>\n\t\t\t<dt class='gallery-icon landscape'>\n\t\t\t\t<a href='https:\/\/www2.comunitaria.com.br\/en\/abertura-oficial-da-1a-feira-regional-da-agricultura-familiar-reuniu-autoridades\/dsc_0085-8\/'><img loading=\"lazy\" decoding=\"async\" width=\"150\" height=\"150\" src=\"https:\/\/www2.comunitaria.com.br\/wp-content\/uploads\/2015\/10\/DSC_00853-150x150.jpg\" class=\"attachment-thumbnail size-thumbnail\" alt=\"\" aria-describedby=\"gallery-1-9855\" srcset=\"https:\/\/www2.comunitaria.com.br\/wp-content\/uploads\/2015\/10\/DSC_00853-150x150.jpg 150w, https:\/\/www2.comunitaria.com.br\/wp-content\/uploads\/2015\/10\/DSC_00853-65x65.jpg 65w\" sizes=\"auto, (max-width: 150px) 100vw, 150px\" \/><\/a>\n\t\t\t<\/dt>\n\t\t\t\t<dd class='wp-caption-text gallery-caption' id='gallery-1-9855'>\n\t\t\t\tFoto: Eduarda Wilhelm\n\t\t\t\t<\/dd><\/dl><br style=\"clear: both\" \/><dl class='gallery-item'>\n\t\t\t<dt class='gallery-icon landscape'>\n\t\t\t\t<a href='https:\/\/www2.comunitaria.com.br\/en\/abertura-oficial-da-1a-feira-regional-da-agricultura-familiar-reuniu-autoridades\/dsc_0091-6\/'><img loading=\"lazy\" decoding=\"async\" width=\"150\" height=\"150\" src=\"https:\/\/www2.comunitaria.com.br\/wp-content\/uploads\/2015\/10\/DSC_00912-150x150.jpg\" class=\"attachment-thumbnail size-thumbnail\" alt=\"\" aria-describedby=\"gallery-1-9856\" srcset=\"https:\/\/www2.comunitaria.com.br\/wp-content\/uploads\/2015\/10\/DSC_00912-150x150.jpg 150w, https:\/\/www2.comunitaria.com.br\/wp-content\/uploads\/2015\/10\/DSC_00912-65x65.jpg 65w\" sizes=\"auto, (max-width: 150px) 100vw, 150px\" \/><\/a>\n\t\t\t<\/dt>\n\t\t\t\t<dd class='wp-caption-text gallery-caption' id='gallery-1-9856'>\n\t\t\t\tFoto: Eduarda Wilhelm\n\t\t\t\t<\/dd><\/dl><dl class='gallery-item'>\n\t\t\t<dt class='gallery-icon landscape'>\n\t\t\t\t<a href='https:\/\/www2.comunitaria.com.br\/en\/abertura-oficial-da-1a-feira-regional-da-agricultura-familiar-reuniu-autoridades\/dsc_0094-5\/'><img loading=\"lazy\" decoding=\"async\" width=\"150\" height=\"150\" src=\"https:\/\/www2.comunitaria.com.br\/wp-content\/uploads\/2015\/10\/DSC_0094-150x150.jpg\" class=\"attachment-thumbnail size-thumbnail\" alt=\"\" aria-describedby=\"gallery-1-9857\" srcset=\"https:\/\/www2.comunitaria.com.br\/wp-content\/uploads\/2015\/10\/DSC_0094-150x150.jpg 150w, https:\/\/www2.comunitaria.com.br\/wp-content\/uploads\/2015\/10\/DSC_0094-65x65.jpg 65w\" sizes=\"auto, (max-width: 150px) 100vw, 150px\" \/><\/a>\n\t\t\t<\/dt>\n\t\t\t\t<dd class='wp-caption-text gallery-caption' id='gallery-1-9857'>\n\t\t\t\tFoto: Eduarda Wilhelm\n\t\t\t\t<\/dd><\/dl><dl class='gallery-item'>\n\t\t\t<dt class='gallery-icon landscape'>\n\t\t\t\t<a href='https:\/\/www2.comunitaria.com.br\/en\/abertura-oficial-da-1a-feira-regional-da-agricultura-familiar-reuniu-autoridades\/dsc_0099-8\/'><img loading=\"lazy\" decoding=\"async\" width=\"150\" height=\"150\" src=\"https:\/\/www2.comunitaria.com.br\/wp-content\/uploads\/2015\/10\/DSC_0099-150x150.jpg\" class=\"attachment-thumbnail size-thumbnail\" alt=\"\" aria-describedby=\"gallery-1-9858\" srcset=\"https:\/\/www2.comunitaria.com.br\/wp-content\/uploads\/2015\/10\/DSC_0099-150x150.jpg 150w, https:\/\/www2.comunitaria.com.br\/wp-content\/uploads\/2015\/10\/DSC_0099-65x65.jpg 65w\" sizes=\"auto, (max-width: 150px) 100vw, 150px\" \/><\/a>\n\t\t\t<\/dt>\n\t\t\t\t<dd class='wp-caption-text gallery-caption' id='gallery-1-9858'>\n\t\t\t\tFoto: Eduarda Wilhelm\n\t\t\t\t<\/dd><\/dl>\n\t\t\t<br style='clear: both' \/>\n\t\t<\/div>","protected":false},"excerpt":{"rendered":"<p>A 1\u00aa Feira Regional da Agricultura Familiar, Agroind\u00fastria, Artesanato e Biodiversidade come\u00e7ou na manh\u00e3 desta sexta-feira, dia 23, e segue no s\u00e1bado e domingo, no parque de Exposi\u00e7\u00f5es Monsenhor Vitor&#8230;<\/p>","protected":false},"author":2,"featured_media":9857,"comment_status":"open","ping_status":"closed","sticky":false,"template":"","format":"standard","meta":{"ngg_post_thumbnail":0,"footnotes":""},"categories":[51,42,28,33,43,45],"tags":[1844,82,1439,86],"class_list":["post-9841","post","type-post","status-publish","format-standard","has-post-thumbnail","hentry","category-audio","category-fred-west","category-destaque","category-noticias","category-regiao","category-rural","tag-feira-da-agricultura-familiar","tag-frederico-westphalen","tag-produtor-rural","tag-regiao-2"],"amp_enabled":true,"_links":{"self":[{"href":"https:\/\/www2.comunitaria.com.br\/en\/wp-json\/wp\/v2\/posts\/9841","targetHints":{"allow":["GET"]}}],"collection":[{"href":"https:\/\/www2.comunitaria.com.br\/en\/wp-json\/wp\/v2\/posts"}],"about":[{"href":"https:\/\/www2.comunitaria.com.br\/en\/wp-json\/wp\/v2\/types\/post"}],"author":[{"embeddable":true,"href":"https:\/\/www2.comunitaria.com.br\/en\/wp-json\/wp\/v2\/users\/2"}],"replies":[{"embeddable":true,"href":"https:\/\/www2.comunitaria.com.br\/en\/wp-json\/wp\/v2\/comments?post=9841"}],"version-history":[{"count":0,"href":"https:\/\/www2.comunitaria.com.br\/en\/wp-json\/wp\/v2\/posts\/9841\/revisions"}],"wp:featuredmedia":[{"embeddable":true,"href":"https:\/\/www2.comunitaria.com.br\/en\/wp-json\/wp\/v2\/media\/9857"}],"wp:attachment":[{"href":"https:\/\/www2.comunitaria.com.br\/en\/wp-json\/wp\/v2\/media?parent=9841"}],"wp:term":[{"taxonomy":"category","embeddable":true,"href":"https:\/\/www2.comunitaria.com.br\/en\/wp-json\/wp\/v2\/categories?post=9841"},{"taxonomy":"post_tag","embeddable":true,"href":"https:\/\/www2.comunitaria.com.br\/en\/wp-json\/wp\/v2\/tags?post=9841"}],"curies":[{"name":"wp","href":"https:\/\/api.w.org\/{rel}","templated":true}]}}