{"id":9671,"date":"2015-10-20T10:15:22","date_gmt":"2015-10-20T12:15:22","guid":{"rendered":"http:\/\/www2.comunitaria.com.br\/?p=9671"},"modified":"2015-10-20T10:16:52","modified_gmt":"2015-10-20T12:16:52","slug":"uergs-utilizara-nota-do-enem-para-ingresso","status":"publish","type":"post","link":"https:\/\/www2.comunitaria.com.br\/en\/uergs-utilizara-nota-do-enem-para-ingresso\/","title":{"rendered":"UERGS utilizar\u00e1 nota do ENEM para ingresso"},"content":{"rendered":"<p style=\"text-align: justify;\">Para ingressar no pr\u00f3ximo ano na Universidade Estadual do Rio Grande do Sul (Uergs), \u00e9 preciso realizar a prova do ENEM, que ser\u00e1 aplicada neste final de semana, dia 24 e 25. O Sistema de Sele\u00e7\u00e3o Unificada (Sisu) ir\u00e1 utilizar as notas dos candidatos na hora da escolha dos cursos.<\/p>\n<p style=\"text-align: justify;\">Em Frederico Westphalen, ser\u00e3o ofertadas 40 vagas no curso noturno de Bacharelado em Administra\u00e7\u00e3o P\u00fablica, com ingresso no primeiro semestre de 2016.<\/p>\n<p style=\"text-align: justify;\">S\u00e3o 1465 vagas, distribu\u00eddas em 23 unidades, sendo que 50% s\u00e3o reservadas para pessoas economicamente hipossuficientes e 10% para pessoas com defici\u00eancia. Tamb\u00e9m h\u00e1 cota para negros e ind\u00edgenas, conforme os dados do IBGE de popula\u00e7\u00e3o no Estado.<\/p>\n<p style=\"text-align: justify;\">Ser\u00e3o ofertados novos cursos nesse pr\u00f3ximo processo de ingresso. S\u00e3o eles Licenciatura em Letras, no Campus Central em Porto Alegre, e Bacharelado em Agronomia, em Vacaria.<\/p>\n<p style=\"text-align: justify;\">Confira os cursos ofertados em cada unidade:<\/p>\n<ul style=\"text-align: justify;\">\n<li><strong>Alegrete \u2013 <\/strong>Pedagogia (Licenciatura);<\/li>\n<li><strong>Bag\u00e9 \u2013<\/strong> Pedagogia (Licenciatura);<\/li>\n<li><strong>Bento Gon\u00e7alves &#8211;<\/strong> Engenharia de Bioprocessos e Biotecnologia (Bacharelado);<\/li>\n<li><strong>Botucara\u00ed &#8211; Soledade \u2013 <\/strong>Gest\u00e3o Ambiental (Bacharelado);<\/li>\n<li><strong>Cachoeira do Sul &#8211;<\/strong> Administra\u00e7\u00e3o: Rural e Agroindustrial (Bacharelado); Agronomia (Bacharelado);<\/li>\n<li><strong>Caxias do Sul &#8211;<\/strong> Ci\u00eancia e Tecnologia de Alimentos (Bacharelado);<\/li>\n<li><strong>Cruz Alta &#8211;<\/strong> Ci\u00eancia e Tecnologia de Alimentos (Bacharelado); Pedagogia (Licenciatura);<\/li>\n<li><strong>Encantado &#8211;<\/strong> Ci\u00eancia e Tecnologia de Alimentos (Bacharelado);<\/li>\n<li><strong>Erechim &#8211;<\/strong> Administra\u00e7\u00e3o Rural e Agroindustrial (Bacharelado); Gest\u00e3o Ambiental (Bacharelado);<\/li>\n<li><strong>Frederico Westphalen \u2013<\/strong> Administra\u00e7\u00e3o P\u00fablica (Bacharelado);<\/li>\n<li><strong>Gua\u00edba &#8211; <\/strong>Engenharia de Computa\u00e7\u00e3o (Bacharelado);<\/li>\n<li><strong>Litoral Norte (Os\u00f3rio) &#8211;<\/strong> Pedagogia (Licenciatura);<\/li>\n<li><strong>Montenegro &#8211;<\/strong> Artes Visuais (Licenciatura); Dan\u00e7a (Licenciatura); M\u00fasica (Licenciatura); Teatro (Licenciatura);<\/li>\n<li><strong>Porto Alegre \u2013<\/strong> Administra\u00e7\u00e3o P\u00fablica (Bacharelado); Administra\u00e7\u00e3o: Sistemas e Servi\u00e7os de Sa\u00fade (Bacharelado); Curso Superior de Tecnologia em Automa\u00e7\u00e3o Industrial; Engenharia de Bioprocessos e Biotecnologia (Bacharelado); Engenharia de Energia (Bacharelado) e Licenciatura em Letras: L\u00edngua Portuguesa e Licenciaturas de L\u00edngua Portuguesa;<\/li>\n<li><strong>Sananduva &#8211;<\/strong> Administra\u00e7\u00e3o Rural e Agroindustrial (Bacharelado);<\/li>\n<li><strong>Santa Cruz do Sul &#8211;<\/strong> Engenharia de Bioprocessos e Biotecnologia (Bacharelado);<\/li>\n<li><strong>Santana do Livramento \u2013<\/strong> Agronomia (Bacharelado); Desenvolvimento Rural e Gest\u00e3o Agroindustrial (Bacharelado);<\/li>\n<li><strong>S\u00e3o Borja &#8211; <\/strong>Gest\u00e3o Ambiental (Bacharelado);<\/li>\n<li><strong>S\u00e3o Francisco de Paula &#8211;<\/strong> Gest\u00e3o Ambiental (Bacharelado) e Pedagogia (Licenciatura);<\/li>\n<li><strong>S\u00e3o Luiz Gonzaga &#8211;<\/strong> Ci\u00eancia e Tecnologia de Alimentos (Bacharelado); (Licenciatura);<\/li>\n<li><strong>Tapes &#8211;<\/strong> Gest\u00e3o Ambiental (Bacharelado);<\/li>\n<li><strong>Tr\u00eas Passos \u2013<\/strong> Agronomia (Bacharelado); Gest\u00e3o Ambiental (Bacharelado);<\/li>\n<li><strong>Vacaria \u2013 <\/strong>Agronomia (Bacharelado).<\/li>\n<\/ul>\n<p style=\"text-align: justify;\">Para informa\u00e7\u00f5es mais detalhadas, acesse o site <a href=\"http:\/\/www.uergs.edu.br\">www.uergs.edu.br.<\/a><\/p>\n\n\t\t<style type=\"text\/css\">\n\t\t\t#gallery-1 {\n\t\t\t\tmargin: auto;\n\t\t\t}\n\t\t\t#gallery-1 .gallery-item {\n\t\t\t\tfloat: left;\n\t\t\t\tmargin-top: 10px;\n\t\t\t\ttext-align: center;\n\t\t\t\twidth: 50%;\n\t\t\t}\n\t\t\t#gallery-1 img {\n\t\t\t\tborder: 2px solid #cfcfcf;\n\t\t\t}\n\t\t\t#gallery-1 .gallery-caption {\n\t\t\t\tmargin-left: 0;\n\t\t\t}\n\t\t\t\/* see gallery_shortcode() in wp-includes\/media.php *\/\n\t\t<\/style>\n\t\t<div id='gallery-1' class='gallery galleryid-9671 gallery-columns-2 gallery-size-medium'><dl class='gallery-item'>\n\t\t\t<dt class='gallery-icon portrait'>\n\t\t\t\t<a href='https:\/\/www2.comunitaria.com.br\/en\/uergs-utilizara-nota-do-enem-para-ingresso\/flyera5-frederico-westphalen-f\/'><img loading=\"lazy\" decoding=\"async\" width=\"211\" height=\"300\" src=\"https:\/\/www2.comunitaria.com.br\/wp-content\/uploads\/2015\/10\/FlyerA5.Frederico.Westphalen-F-211x300.png\" class=\"attachment-medium size-medium\" alt=\"\" srcset=\"https:\/\/www2.comunitaria.com.br\/wp-content\/uploads\/2015\/10\/FlyerA5.Frederico.Westphalen-F-211x300.png 211w, https:\/\/www2.comunitaria.com.br\/wp-content\/uploads\/2015\/10\/FlyerA5.Frederico.Westphalen-F-722x1024.png 722w, https:\/\/www2.comunitaria.com.br\/wp-content\/uploads\/2015\/10\/FlyerA5.Frederico.Westphalen-F.png 874w\" sizes=\"auto, (max-width: 211px) 100vw, 211px\" \/><\/a>\n\t\t\t<\/dt><\/dl><dl class='gallery-item'>\n\t\t\t<dt class='gallery-icon portrait'>\n\t\t\t\t<a href='https:\/\/www2.comunitaria.com.br\/en\/uergs-utilizara-nota-do-enem-para-ingresso\/flyera5-frederico-westphalen-v\/'><img loading=\"lazy\" decoding=\"async\" width=\"211\" height=\"300\" src=\"https:\/\/www2.comunitaria.com.br\/wp-content\/uploads\/2015\/10\/FlyerA5.Frederico.Westphalen-V-211x300.png\" class=\"attachment-medium size-medium\" alt=\"\" srcset=\"https:\/\/www2.comunitaria.com.br\/wp-content\/uploads\/2015\/10\/FlyerA5.Frederico.Westphalen-V-211x300.png 211w, https:\/\/www2.comunitaria.com.br\/wp-content\/uploads\/2015\/10\/FlyerA5.Frederico.Westphalen-V-722x1024.png 722w, https:\/\/www2.comunitaria.com.br\/wp-content\/uploads\/2015\/10\/FlyerA5.Frederico.Westphalen-V.png 874w\" sizes=\"auto, (max-width: 211px) 100vw, 211px\" \/><\/a>\n\t\t\t<\/dt><\/dl><br style=\"clear: both\" \/>\n\t\t<\/div>\n\n<p style=\"text-align: justify;\">","protected":false},"excerpt":{"rendered":"<p>Para ingressar no pr\u00f3ximo ano na Universidade Estadual do Rio Grande do Sul (Uergs), \u00e9 preciso realizar a prova do ENEM, que ser\u00e1 aplicada neste final de semana, dia 24 e 25. O Sistema de Sele\u00e7\u00e3o Unificada (Sisu) ir\u00e1 utilizar as notas dos candidatos na hora da escolha dos cursos. Em Frederico Westphalen, ser\u00e3o ofertadas<\/p>\n<div class=\"read-more-wrapper\"><a class=\"read-more\" href=\"https:\/\/www2.comunitaria.com.br\/en\/uergs-utilizara-nota-do-enem-para-ingresso\/\" title=\"Read More\"> <span class=\"button\">Read More<\/span><\/a><\/div>","protected":false},"author":2,"featured_media":9674,"comment_status":"open","ping_status":"closed","sticky":false,"template":"","format":"standard","meta":{"ngg_post_thumbnail":0,"footnotes":""},"categories":[44,46,42,33],"tags":[413,53,82,372,126],"class_list":["post-9671","post","type-post","status-publish","format-standard","has-post-thumbnail","hentry","category-educacao","category-estado","category-fred-west","category-noticias","tag-educacao-2","tag-enem","tag-frederico-westphalen","tag-ingresso","tag-uergs"],"amp_enabled":true,"_links":{"self":[{"href":"https:\/\/www2.comunitaria.com.br\/en\/wp-json\/wp\/v2\/posts\/9671","targetHints":{"allow":["GET"]}}],"collection":[{"href":"https:\/\/www2.comunitaria.com.br\/en\/wp-json\/wp\/v2\/posts"}],"about":[{"href":"https:\/\/www2.comunitaria.com.br\/en\/wp-json\/wp\/v2\/types\/post"}],"author":[{"embeddable":true,"href":"https:\/\/www2.comunitaria.com.br\/en\/wp-json\/wp\/v2\/users\/2"}],"replies":[{"embeddable":true,"href":"https:\/\/www2.comunitaria.com.br\/en\/wp-json\/wp\/v2\/comments?post=9671"}],"version-history":[{"count":0,"href":"https:\/\/www2.comunitaria.com.br\/en\/wp-json\/wp\/v2\/posts\/9671\/revisions"}],"wp:featuredmedia":[{"embeddable":true,"href":"https:\/\/www2.comunitaria.com.br\/en\/wp-json\/wp\/v2\/media\/9674"}],"wp:attachment":[{"href":"https:\/\/www2.comunitaria.com.br\/en\/wp-json\/wp\/v2\/media?parent=9671"}],"wp:term":[{"taxonomy":"category","embeddable":true,"href":"https:\/\/www2.comunitaria.com.br\/en\/wp-json\/wp\/v2\/categories?post=9671"},{"taxonomy":"post_tag","embeddable":true,"href":"https:\/\/www2.comunitaria.com.br\/en\/wp-json\/wp\/v2\/tags?post=9671"}],"curies":[{"name":"wp","href":"https:\/\/api.w.org\/{rel}","templated":true}]}}