{"id":8976,"date":"2015-10-05T11:43:10","date_gmt":"2015-10-05T13:43:10","guid":{"rendered":"http:\/\/www2.comunitaria.com.br\/?p=8976"},"modified":"2015-10-05T11:44:29","modified_gmt":"2015-10-05T13:44:29","slug":"ctg-rodeio-da-querencia-realizara-rodeio-crioulo-e-artistico-no-fim-deste-mes","status":"publish","type":"post","link":"https:\/\/www2.comunitaria.com.br\/en\/ctg-rodeio-da-querencia-realizara-rodeio-crioulo-e-artistico-no-fim-deste-mes\/","title":{"rendered":"CTG Rodeio da Quer\u00eancia realizar\u00e1 Rodeio Crioulo e Art\u00edstico no fim deste m\u00eas"},"content":{"rendered":"<p style=\"text-align: justify;\">O CTG Rodeio da Quer\u00eancia, em parceria com a Secretaria da Cultura, realizam o XVII Rodeio Interestadual e VI Rodeio Art\u00edstico e Cultural, comemorando os 60 anos de Frederico Westphalen. O evento \u00e9 gratuito, com exce\u00e7\u00e3o da inscri\u00e7\u00e3o para competi\u00e7\u00f5es, e ser\u00e1 realizado entre os dias 30 de outubro a 1\u00b0 de novembro no Parque de Rodeios do CTG.<\/p>\n<p style=\"text-align: justify;\">O Rodrio Crioulo e Art\u00edstico contar\u00e1 com gastronomia t\u00edpica, provas campeiras, dan\u00e7as tradicionais, shows e bailes.<\/p>\n<p style=\"text-align: justify;\">O patr\u00e3o do CTG Rodeio da Quer\u00eancia, Dorvalino Dalla Costa, fala com a R\u00e1dio Comunit\u00e1ria sobre as competi\u00e7\u00f5es e premia\u00e7\u00f5es:<\/p>\n<!--[if lt IE 9]><script>document.createElement('audio');<\/script><![endif]-->\n<audio class=\"wp-audio-shortcode\" id=\"audio-8976-1\" preload=\"none\" style=\"width: 100%;\" controls=\"controls\"><source type=\"audio\/mpeg\" src=\"http:\/\/www2.comunitaria.com.br\/wp-content\/uploads\/2015\/10\/Dorvalino.mp3?_=1\" \/><a href=\"http:\/\/www2.comunitaria.com.br\/wp-content\/uploads\/2015\/10\/Dorvalino.mp3\">http:\/\/www2.comunitaria.com.br\/wp-content\/uploads\/2015\/10\/Dorvalino.mp3<\/a><\/audio>\n<p style=\"text-align: justify;\">Confira a <strong>programa\u00e7\u00e3o<\/strong> completa:<\/p>\n<p style=\"text-align: justify;\"><strong>30\/10, sexta-feira<br \/>\n<\/strong><\/p>\n<p style=\"text-align: justify;\"><strong>9h:<\/strong> Recep\u00e7\u00e3o e Credenciamento<\/p>\n<p style=\"text-align: justify;\"><strong>13h30min:<\/strong> Raspadinha Individual<\/p>\n<p style=\"text-align: justify;\"><strong>14h30min:<\/strong> La\u00e7o Individual<\/p>\n<p style=\"text-align: justify;\"><strong>17h30min:<\/strong> La\u00e7o Coruj\u00e3o Dupla<\/p>\n<p style=\"text-align: justify;\"><strong>20h:<\/strong> Jantar no Galp\u00e3o<\/p>\n<p style=\"text-align: justify;\"><strong>22h:<\/strong> Show com Cezar Oliveira e Rog\u00e9rio Mello<\/p>\n<p style=\"text-align: justify;\"><strong>23h30min:<\/strong> Show com o Grupo La\u00e7o de Guri<\/p>\n<p style=\"text-align: justify;\"><strong>31\/10, s\u00e1bado<br \/>\n<\/strong><\/p>\n<p style=\"text-align: justify;\"><strong>8h:<\/strong> Modalidades: Pi\u00e1, Guri, Veterano, Prenda, Patr\u00e3o, Pai e Filho, Senhor, Gera\u00e7\u00e3o, Rapaz e Vaqueano<\/p>\n<p style=\"text-align: justify;\"><strong>11h:<\/strong> La\u00e7o dupla com inscri\u00e7\u00f5es limitadas<\/p>\n<p style=\"text-align: justify;\"><strong>12h:<\/strong> Almo\u00e7o no Galp\u00e3o<\/p>\n<p style=\"text-align: justify;\"><strong>13h30min:<\/strong> La\u00e7o Equipe 1\u00aa e 2\u00aa voltas<\/p>\n<p style=\"text-align: justify;\"><strong>17h:<\/strong> La\u00e7o Trio<\/p>\n<p style=\"text-align: justify;\"><strong>18h:<\/strong> Ora\u00e7\u00e3o da Ave Maria<\/p>\n<p style=\"text-align: justify;\"><strong>18h30min: <\/strong>Ta\u00e7a Cidade Frederico Westphalen 60 anos \u2013 dupla (duas vidas por la\u00e7ador)<\/p>\n<p style=\"text-align: justify;\"><strong>20h:<\/strong> Jantar no galp\u00e3o<\/p>\n<p style=\"text-align: justify;\"><strong>21h30min:<\/strong> Show com Jadir Oliveira e Grupo<\/p>\n<p style=\"text-align: justify;\"><strong>22h30min:<\/strong> Show com Matheus Teixeira e Grupo Pachola<\/p>\n<p style=\"text-align: justify;\"><strong>1\u00b0\/11, domingo<\/strong><\/p>\n<p style=\"text-align: justify;\"><strong>8h<\/strong>: Recupera\u00e7\u00e3o Armada la\u00e7o equipe 3\u00aa e 4\u00aa voltas<\/p>\n<p style=\"text-align: justify;\"><strong>9h30min:<\/strong> Vaca gorda individual<\/p>\n<p style=\"text-align: justify;\"><strong>12h<\/strong>: almo\u00e7o<\/p>\n<p style=\"text-align: justify;\"><strong>13h30min<\/strong>: la\u00e7o equipe 5\u00aa volta e disputa<\/p>\n<p style=\"text-align: justify;\"><strong>18h30min<\/strong>: disputas finais<\/p>\n<p style=\"text-align: justify;\"><strong>19h:<\/strong> Aclama\u00e7\u00e3o dos vencedores e encerramento<\/p>\n<p style=\"text-align: justify;\"><strong>OBS<\/strong>: Nos intervalos ocorrer\u00e3o as provas Vaca Parada (pista paralela) e Prova da Estafeta<\/p>\n<p style=\"text-align: justify;\"><strong>RODEIO ART\u00cdSTICO, 1\u00b0\/11, domingo<br \/>\n<\/strong><\/p>\n<p style=\"text-align: justify;\"><strong>9h:<\/strong> Dan\u00e7as Tradicionais: Mirim, Juvenil e Adulta<\/p>\n<p style=\"text-align: justify;\">No flyer de divulga\u00e7\u00e3o, voc\u00ea pode conferir os valores das <strong>inscri\u00e7\u00f5es, premia\u00e7\u00f5es e o regulamento<\/strong> das provas:<\/p>\n<p style=\"text-align: justify;\"><a href=\"http:\/\/www2.comunitaria.com.br\/wp-content\/uploads\/2015\/10\/f1.jpg\"><img loading=\"lazy\" decoding=\"async\" class=\"alignright size-medium wp-image-8977\" src=\"http:\/\/www2.comunitaria.com.br\/wp-content\/uploads\/2015\/10\/f1-300x190.jpg\" alt=\"f1\" width=\"300\" height=\"190\" srcset=\"https:\/\/www2.comunitaria.com.br\/wp-content\/uploads\/2015\/10\/f1-300x190.jpg 300w, https:\/\/www2.comunitaria.com.br\/wp-content\/uploads\/2015\/10\/f1-1024x648.jpg 1024w, https:\/\/www2.comunitaria.com.br\/wp-content\/uploads\/2015\/10\/f1.jpg 1600w\" sizes=\"auto, (max-width: 300px) 100vw, 300px\" \/><\/a> <a href=\"http:\/\/www2.comunitaria.com.br\/wp-content\/uploads\/2015\/10\/f2.jpg\"><img loading=\"lazy\" decoding=\"async\" class=\"wp-image-8978 size-medium alignleft\" src=\"http:\/\/www2.comunitaria.com.br\/wp-content\/uploads\/2015\/10\/f2-300x191.jpg\" alt=\"f2\" width=\"300\" height=\"191\" srcset=\"https:\/\/www2.comunitaria.com.br\/wp-content\/uploads\/2015\/10\/f2-300x191.jpg 300w, https:\/\/www2.comunitaria.com.br\/wp-content\/uploads\/2015\/10\/f2-1024x651.jpg 1024w, https:\/\/www2.comunitaria.com.br\/wp-content\/uploads\/2015\/10\/f2.jpg 1600w\" sizes=\"auto, (max-width: 300px) 100vw, 300px\" \/><\/a><\/p>","protected":false},"excerpt":{"rendered":"<p>O CTG Rodeio da Quer\u00eancia, em parceria com a Secretaria da Cultura, realizam o XVII Rodeio Interestadual e VI Rodeio Art\u00edstico e Cultural, comemorando os 60 anos de Frederico Westphalen. O evento \u00e9 gratuito, com exce\u00e7\u00e3o da inscri\u00e7\u00e3o para competi\u00e7\u00f5es, e ser\u00e1 realizado entre os dias 30 de outubro a 1\u00b0 de novembro no Parque<\/p>\n<div class=\"read-more-wrapper\"><a class=\"read-more\" href=\"https:\/\/www2.comunitaria.com.br\/en\/ctg-rodeio-da-querencia-realizara-rodeio-crioulo-e-artistico-no-fim-deste-mes\/\" title=\"Read More\"> <span class=\"button\">Read More<\/span><\/a><\/div>","protected":false},"author":2,"featured_media":8980,"comment_status":"open","ping_status":"closed","sticky":false,"template":"","format":"standard","meta":{"ngg_post_thumbnail":0,"footnotes":""},"categories":[51,46,42,33,35],"tags":[1757,82,1756,1755],"class_list":["post-8976","post","type-post","status-publish","format-standard","has-post-thumbnail","hentry","category-audio","category-estado","category-fred-west","category-noticias","category-variedades","tag-ctg-rodeio-da-quetencia","tag-frederico-westphalen","tag-rodeio-artistico","tag-rodeio-crioulo"],"amp_enabled":true,"_links":{"self":[{"href":"https:\/\/www2.comunitaria.com.br\/en\/wp-json\/wp\/v2\/posts\/8976","targetHints":{"allow":["GET"]}}],"collection":[{"href":"https:\/\/www2.comunitaria.com.br\/en\/wp-json\/wp\/v2\/posts"}],"about":[{"href":"https:\/\/www2.comunitaria.com.br\/en\/wp-json\/wp\/v2\/types\/post"}],"author":[{"embeddable":true,"href":"https:\/\/www2.comunitaria.com.br\/en\/wp-json\/wp\/v2\/users\/2"}],"replies":[{"embeddable":true,"href":"https:\/\/www2.comunitaria.com.br\/en\/wp-json\/wp\/v2\/comments?post=8976"}],"version-history":[{"count":0,"href":"https:\/\/www2.comunitaria.com.br\/en\/wp-json\/wp\/v2\/posts\/8976\/revisions"}],"wp:featuredmedia":[{"embeddable":true,"href":"https:\/\/www2.comunitaria.com.br\/en\/wp-json\/wp\/v2\/media\/8980"}],"wp:attachment":[{"href":"https:\/\/www2.comunitaria.com.br\/en\/wp-json\/wp\/v2\/media?parent=8976"}],"wp:term":[{"taxonomy":"category","embeddable":true,"href":"https:\/\/www2.comunitaria.com.br\/en\/wp-json\/wp\/v2\/categories?post=8976"},{"taxonomy":"post_tag","embeddable":true,"href":"https:\/\/www2.comunitaria.com.br\/en\/wp-json\/wp\/v2\/tags?post=8976"}],"curies":[{"name":"wp","href":"https:\/\/api.w.org\/{rel}","templated":true}]}}