{"id":8854,"date":"2015-10-02T17:07:36","date_gmt":"2015-10-02T19:07:36","guid":{"rendered":"http:\/\/www2.comunitaria.com.br\/?p=8854"},"modified":"2015-10-02T17:17:31","modified_gmt":"2015-10-02T19:17:31","slug":"acidente-deixa-uma-pessoa-ferida-em-fw","status":"publish","type":"post","link":"https:\/\/www2.comunitaria.com.br\/en\/acidente-deixa-uma-pessoa-ferida-em-fw\/","title":{"rendered":"Acidente deixa uma pessoa ferida em FW"},"content":{"rendered":"<p>Um acidente por volta das 14h30min desta sexta-feira, envolvendo uma caminhonete Dodge Journey , placas de Palmitinho e um GM Corsa, de Frederico Westphalen, deixou a passageira do Corsa com ferimentos leves.<\/p>\n<p>A colis\u00e3o ocorreu no Km 34 da Br 386, no trevo de acesso principal a FW. Segundo informa\u00e7\u00f5es do Samu, que encaminhou a mulher ferida ao HDP, o Corsa estaria seguindo pela BR, no sentido Ira\u00ed\/Seberi e a caminhonete acessando FW pelo trevo quando ocorreu a colis\u00e3o. O motorista do corsa sofreu apenas escoria\u00e7\u00f5es leves e permaneceu no local e a condutora da caminhonete n\u00e3o ficou ferida. <\/p>\n<p>A Brigada Militar orientou o transito ate a chegada da Policia Rodovi\u00e1ria Federal. <\/p>\n<p><a href=\"http:\/\/www2.comunitaria.com.br\/wp-content\/uploads\/2015\/10\/023.jpg\"><img loading=\"lazy\" decoding=\"async\" src=\"http:\/\/www2.comunitaria.com.br\/wp-content\/uploads\/2015\/10\/023.jpg\" alt=\"02\" width=\"960\" height=\"720\" class=\"alignright size-full wp-image-8857\" srcset=\"https:\/\/www2.comunitaria.com.br\/wp-content\/uploads\/2015\/10\/023.jpg 960w, https:\/\/www2.comunitaria.com.br\/wp-content\/uploads\/2015\/10\/023-300x225.jpg 300w\" sizes=\"auto, (max-width: 960px) 100vw, 960px\" \/><\/a><\/p>\n<p><a href=\"http:\/\/www2.comunitaria.com.br\/wp-content\/uploads\/2015\/10\/015.jpg\"><img loading=\"lazy\" decoding=\"async\" src=\"http:\/\/www2.comunitaria.com.br\/wp-content\/uploads\/2015\/10\/015.jpg\" alt=\"01\" width=\"960\" height=\"720\" class=\"alignright size-full wp-image-8858\" srcset=\"https:\/\/www2.comunitaria.com.br\/wp-content\/uploads\/2015\/10\/015.jpg 960w, https:\/\/www2.comunitaria.com.br\/wp-content\/uploads\/2015\/10\/015-300x225.jpg 300w\" sizes=\"auto, (max-width: 960px) 100vw, 960px\" \/><\/a><\/p>","protected":false},"excerpt":{"rendered":"<p>Um acidente por volta das 14h30min desta sexta-feira, envolvendo uma caminhonete Dodge Journey , placas de Palmitinho e um GM Corsa, de Frederico Westphalen, deixou a passageira do Corsa com&#8230;<\/p>","protected":false},"author":2,"featured_media":8856,"comment_status":"open","ping_status":"closed","sticky":false,"template":"","format":"standard","meta":{"ngg_post_thumbnail":0,"footnotes":""},"categories":[42,33,36],"tags":[96,264,82,273],"class_list":["post-8854","post","type-post","status-publish","format-standard","has-post-thumbnail","hentry","category-fred-west","category-noticias","category-policia","tag-acidente","tag-br-386","tag-frederico-westphalen","tag-trevo"],"amp_enabled":true,"_links":{"self":[{"href":"https:\/\/www2.comunitaria.com.br\/en\/wp-json\/wp\/v2\/posts\/8854","targetHints":{"allow":["GET"]}}],"collection":[{"href":"https:\/\/www2.comunitaria.com.br\/en\/wp-json\/wp\/v2\/posts"}],"about":[{"href":"https:\/\/www2.comunitaria.com.br\/en\/wp-json\/wp\/v2\/types\/post"}],"author":[{"embeddable":true,"href":"https:\/\/www2.comunitaria.com.br\/en\/wp-json\/wp\/v2\/users\/2"}],"replies":[{"embeddable":true,"href":"https:\/\/www2.comunitaria.com.br\/en\/wp-json\/wp\/v2\/comments?post=8854"}],"version-history":[{"count":0,"href":"https:\/\/www2.comunitaria.com.br\/en\/wp-json\/wp\/v2\/posts\/8854\/revisions"}],"wp:featuredmedia":[{"embeddable":true,"href":"https:\/\/www2.comunitaria.com.br\/en\/wp-json\/wp\/v2\/media\/8856"}],"wp:attachment":[{"href":"https:\/\/www2.comunitaria.com.br\/en\/wp-json\/wp\/v2\/media?parent=8854"}],"wp:term":[{"taxonomy":"category","embeddable":true,"href":"https:\/\/www2.comunitaria.com.br\/en\/wp-json\/wp\/v2\/categories?post=8854"},{"taxonomy":"post_tag","embeddable":true,"href":"https:\/\/www2.comunitaria.com.br\/en\/wp-json\/wp\/v2\/tags?post=8854"}],"curies":[{"name":"wp","href":"https:\/\/api.w.org\/{rel}","templated":true}]}}