{"id":8672,"date":"2015-09-29T15:48:46","date_gmt":"2015-09-29T17:48:46","guid":{"rendered":"http:\/\/www2.comunitaria.com.br\/?p=8672"},"modified":"2015-09-29T15:48:46","modified_gmt":"2015-09-29T17:48:46","slug":"mulher-e-presa-por-trafico-de-drogas-em-irai","status":"publish","type":"post","link":"https:\/\/www2.comunitaria.com.br\/en\/mulher-e-presa-por-trafico-de-drogas-em-irai\/","title":{"rendered":"Mulher \u00e9 presa por tr\u00e1fico de drogas em Ira\u00ed"},"content":{"rendered":"<p>Durante o cumprimento de tr\u00eas mandados de busca e apreens\u00e3o em resid\u00eancias no bairro Militar, em Ira\u00ed, na sexta-feira, 25, e o s\u00e1bado, 26, os policiais prenderam uma mulher por tr\u00e1fico de drogas. Na resid\u00eancia dela, foram apreendidas 53 pedras de crack, material supostamente utilizado para embalar droga, al\u00e9m de R$ 52 em esp\u00e9cie. A moradora da resid\u00eancia, E.M, de 34 anos, foi presa em flagrante e encaminhada ao Pres\u00eddio Estadual de Ira\u00ed.<\/p>\n<p>Foram cumpridos mandados em mais outra duas resid\u00eancias, sendo apreendidas quatro gramas de maconha, uma bucha de coca\u00edna, al\u00e9m de dinheiro e mais material que pode ser utilizado para embalar entorpecentes. Outras tr\u00eas pessoas foram detidas por posse de entorpecentes, entre elas, um jovem, menor de idade, de 15 anos. A opera\u00e7\u00e3o foi deflagrada pela Pol\u00edcia Civil, com apoio de policiais de toda a 14\u00aa regi\u00e3o, e do 37\u00ba Batalh\u00e3o de Pol\u00edcia Militar, com objetivo de coibir o tr\u00e1fico de drogas.  <\/p>\n<p><em>O Alto Uruguai<\/em><\/p>","protected":false},"excerpt":{"rendered":"<p>Durante o cumprimento de tr\u00eas mandados de busca e apreens\u00e3o em resid\u00eancias no bairro Militar, em Ira\u00ed, na sexta-feira, 25, e o s\u00e1bado, 26, os policiais prenderam uma mulher por tr\u00e1fico de drogas. Na resid\u00eancia dela, foram apreendidas 53 pedras de crack, material supostamente utilizado para embalar droga, al\u00e9m de R$ 52 em esp\u00e9cie. A<\/p>\n<div class=\"read-more-wrapper\"><a class=\"read-more\" href=\"https:\/\/www2.comunitaria.com.br\/en\/mulher-e-presa-por-trafico-de-drogas-em-irai\/\" title=\"Read More\"> <span class=\"button\">Read More<\/span><\/a><\/div>","protected":false},"author":2,"featured_media":8673,"comment_status":"open","ping_status":"closed","sticky":false,"template":"","format":"standard","meta":{"ngg_post_thumbnail":0,"footnotes":""},"categories":[33,36,43],"tags":[155,172],"class_list":["post-8672","post","type-post","status-publish","format-standard","has-post-thumbnail","hentry","category-noticias","category-policia","category-regiao","tag-drogas","tag-irai"],"amp_enabled":true,"_links":{"self":[{"href":"https:\/\/www2.comunitaria.com.br\/en\/wp-json\/wp\/v2\/posts\/8672","targetHints":{"allow":["GET"]}}],"collection":[{"href":"https:\/\/www2.comunitaria.com.br\/en\/wp-json\/wp\/v2\/posts"}],"about":[{"href":"https:\/\/www2.comunitaria.com.br\/en\/wp-json\/wp\/v2\/types\/post"}],"author":[{"embeddable":true,"href":"https:\/\/www2.comunitaria.com.br\/en\/wp-json\/wp\/v2\/users\/2"}],"replies":[{"embeddable":true,"href":"https:\/\/www2.comunitaria.com.br\/en\/wp-json\/wp\/v2\/comments?post=8672"}],"version-history":[{"count":0,"href":"https:\/\/www2.comunitaria.com.br\/en\/wp-json\/wp\/v2\/posts\/8672\/revisions"}],"wp:featuredmedia":[{"embeddable":true,"href":"https:\/\/www2.comunitaria.com.br\/en\/wp-json\/wp\/v2\/media\/8673"}],"wp:attachment":[{"href":"https:\/\/www2.comunitaria.com.br\/en\/wp-json\/wp\/v2\/media?parent=8672"}],"wp:term":[{"taxonomy":"category","embeddable":true,"href":"https:\/\/www2.comunitaria.com.br\/en\/wp-json\/wp\/v2\/categories?post=8672"},{"taxonomy":"post_tag","embeddable":true,"href":"https:\/\/www2.comunitaria.com.br\/en\/wp-json\/wp\/v2\/tags?post=8672"}],"curies":[{"name":"wp","href":"https:\/\/api.w.org\/{rel}","templated":true}]}}