{"id":8669,"date":"2015-09-29T15:25:37","date_gmt":"2015-09-29T17:25:37","guid":{"rendered":"http:\/\/www2.comunitaria.com.br\/?p=8669"},"modified":"2015-09-29T15:25:37","modified_gmt":"2015-09-29T17:25:37","slug":"estado-ira-depositar-salario-integral-nesta-quarta-feira","status":"publish","type":"post","link":"https:\/\/www2.comunitaria.com.br\/en\/estado-ira-depositar-salario-integral-nesta-quarta-feira\/","title":{"rendered":"Estado ir\u00e1 depositar sal\u00e1rio integral nesta quarta-feira"},"content":{"rendered":"<p style=\"text-align: justify;\">Os sal\u00e1rios do m\u00eas de setembro dos servidores vinculados ao Executivo ser\u00e3o creditados de maneira integral nesta quarta-feira (30), conforme anunciou o governador Jos\u00e9 Ivo Sartori em mensagem nas redes sociais. Depois de dois meses de parcelamentos por conta da situa\u00e7\u00e3o emergencial das finan\u00e7as p\u00fablicas, o pagamento em dia decorre de uma s\u00e9rie de esfor\u00e7os que o governo vem adotando desde o in\u00edcio do ano em busca do ajuste fiscal.<\/p>\n<p>Uma destas alternativas foi ampliar de 85% para 95% o limite de saque dos chamados dep\u00f3sitos judiciais. \u201cMas \u00e9 preciso salientar que esta \u00e9 uma solu\u00e7\u00e3o emergencial, ajuda a resolver a situa\u00e7\u00e3o agora em setembro, mas \u00e9 um dinheiro que n\u00e3o pertence ao Estado e que representa um custo alto aos cofres p\u00fablicos\u201d, observou o secret\u00e1rio da Fazenda, Giovani Feltes.<\/p>\n<p>Outro esfor\u00e7o do governo, acrescentou o secret\u00e1rio, foi recuperar d\u00edvidas de ICMS dos contribuintes pelo Refaz 2015, um programa especial de quita\u00e7\u00e3o e parcelamento de pend\u00eancias com a Receita Estadual. A primeira fase do Refaz 2015 registrou um ingresso de R$ 315 milh\u00f5es de quita\u00e7\u00e3o de d\u00edvidas do imposto.<\/p>\n<p>Feltes salienta, no entanto, que a maior preocupa\u00e7\u00e3o est\u00e1 na\u00a0queda de arrecada\u00e7\u00e3o de ICMS por conta da crise econ\u00f4mico que o pa\u00eds atravessa, que indica para um recuo ao redor de R$ 1 bilh\u00e3o em rela\u00e7\u00e3o \u00e0s proje\u00e7\u00f5es iniciais. \u201cPor isso, a cada m\u00eas estamos represando quase R$ 600 milh\u00f5es de compromissos com prefeituras, hospitais e demais fornecedores\u201d, frisou.<\/p>\n<p>A folha l\u00edquida do Poder Executivo para atender os 348 mil v\u00ednculos (ativos, inativos, pens\u00f5es previdenci\u00e1rias e pens\u00f5es aliment\u00edcias) \u00e9 \u00a0R$ 950 milh\u00f5es. Outros R$ 55,7 milh\u00f5es ser\u00e3o repassados pelo Tesouro do Estado para os sal\u00e1rios dos funcion\u00e1rios das funda\u00e7\u00f5es e autarquias. Os descontos consignados representam mais R$ 123 milh\u00f5es\/m\u00eas e os tributos sobre a folha representam R$ 73 milh\u00f5es.<\/p>\n<p><strong>Texto: <\/strong>Pepo Kerschner\/Secretaria da Faznenda<strong><br \/>\nFoto: <\/strong>Luiz Chaves\/Pal\u00e1cio Piratini<\/p>","protected":false},"excerpt":{"rendered":"<p>Os sal\u00e1rios do m\u00eas de setembro dos servidores vinculados ao Executivo ser\u00e3o creditados de maneira integral nesta quarta-feira (30), conforme anunciou o governador Jos\u00e9 Ivo Sartori em mensagem nas redes&#8230;<\/p>","protected":false},"author":2,"featured_media":8670,"comment_status":"open","ping_status":"closed","sticky":false,"template":"","format":"standard","meta":{"ngg_post_thumbnail":0,"footnotes":""},"categories":[39,46,33,38],"tags":[1386,1192,1727,1413],"class_list":["post-8669","post","type-post","status-publish","format-standard","has-post-thumbnail","hentry","category-economia","category-estado","category-noticias","category-politica","tag-parcelamento-de-salarios","tag-rio-grande-do-sul","tag-secretaria-da-fazenda","tag-servidores-publicos"],"amp_enabled":true,"_links":{"self":[{"href":"https:\/\/www2.comunitaria.com.br\/en\/wp-json\/wp\/v2\/posts\/8669","targetHints":{"allow":["GET"]}}],"collection":[{"href":"https:\/\/www2.comunitaria.com.br\/en\/wp-json\/wp\/v2\/posts"}],"about":[{"href":"https:\/\/www2.comunitaria.com.br\/en\/wp-json\/wp\/v2\/types\/post"}],"author":[{"embeddable":true,"href":"https:\/\/www2.comunitaria.com.br\/en\/wp-json\/wp\/v2\/users\/2"}],"replies":[{"embeddable":true,"href":"https:\/\/www2.comunitaria.com.br\/en\/wp-json\/wp\/v2\/comments?post=8669"}],"version-history":[{"count":0,"href":"https:\/\/www2.comunitaria.com.br\/en\/wp-json\/wp\/v2\/posts\/8669\/revisions"}],"wp:featuredmedia":[{"embeddable":true,"href":"https:\/\/www2.comunitaria.com.br\/en\/wp-json\/wp\/v2\/media\/8670"}],"wp:attachment":[{"href":"https:\/\/www2.comunitaria.com.br\/en\/wp-json\/wp\/v2\/media?parent=8669"}],"wp:term":[{"taxonomy":"category","embeddable":true,"href":"https:\/\/www2.comunitaria.com.br\/en\/wp-json\/wp\/v2\/categories?post=8669"},{"taxonomy":"post_tag","embeddable":true,"href":"https:\/\/www2.comunitaria.com.br\/en\/wp-json\/wp\/v2\/tags?post=8669"}],"curies":[{"name":"wp","href":"https:\/\/api.w.org\/{rel}","templated":true}]}}