{"id":8413,"date":"2015-09-24T10:34:20","date_gmt":"2015-09-24T12:34:20","guid":{"rendered":"http:\/\/www2.comunitaria.com.br\/?p=8413"},"modified":"2015-09-24T10:34:20","modified_gmt":"2015-09-24T12:34:20","slug":"previdencia-comeca-a-pagar-13o-salario-nesta-quinta","status":"publish","type":"post","link":"https:\/\/www2.comunitaria.com.br\/en\/previdencia-comeca-a-pagar-13o-salario-nesta-quinta\/","title":{"rendered":"Previd\u00eancia come\u00e7a a pagar 13\u00ba sal\u00e1rio nesta quinta"},"content":{"rendered":"<p>Segurados da Previd\u00eancia Social come\u00e7am a receber nessa quinta-feira, 24, a primeira parcela do d\u00e9cimo terceiro sal\u00e1rio. O adiantamento ser\u00e1 pago a quem recebe at\u00e9 um sal\u00e1rio-m\u00ednimo. O dep\u00f3sito para quem recebe acima do m\u00ednimo ser\u00e1 a partir de 1\u00ba de outubro.<\/p>\n<!--[if lt IE 9]><script>document.createElement('audio');<\/script><![endif]-->\n<audio class=\"wp-audio-shortcode\" id=\"audio-8413-1\" preload=\"none\" style=\"width: 100%;\" controls=\"controls\"><source type=\"audio\/mpeg\" src=\"http:\/\/www2.comunitaria.com.br\/wp-content\/uploads\/2015\/09\/017.mp3?_=1\" \/><a href=\"http:\/\/www2.comunitaria.com.br\/wp-content\/uploads\/2015\/09\/017.mp3\">http:\/\/www2.comunitaria.com.br\/wp-content\/uploads\/2015\/09\/017.mp3<\/a><\/audio>","protected":false},"excerpt":{"rendered":"<p>Segurados da Previd\u00eancia Social come\u00e7am a receber nessa quinta-feira, 24, a primeira parcela do d\u00e9cimo terceiro sal\u00e1rio. O adiantamento ser\u00e1 pago a quem recebe at\u00e9 um sal\u00e1rio-m\u00ednimo. O dep\u00f3sito para quem recebe acima do m\u00ednimo ser\u00e1 a partir de 1\u00ba de outubro.<\/p>\n<div class=\"read-more-wrapper\"><a class=\"read-more\" href=\"https:\/\/www2.comunitaria.com.br\/en\/previdencia-comeca-a-pagar-13o-salario-nesta-quinta\/\" title=\"Read More\"> <span class=\"button\">Read More<\/span><\/a><\/div>","protected":false},"author":2,"featured_media":8416,"comment_status":"open","ping_status":"closed","sticky":false,"template":"","format":"standard","meta":{"ngg_post_thumbnail":0,"footnotes":""},"categories":[51,47,39,33],"tags":[1542,404,1183],"class_list":["post-8413","post","type-post","status-publish","format-standard","has-post-thumbnail","hentry","category-audio","category-brasil","category-economia","category-noticias","tag-13-salario","tag-pagamento","tag-previdencia-social"],"amp_enabled":true,"_links":{"self":[{"href":"https:\/\/www2.comunitaria.com.br\/en\/wp-json\/wp\/v2\/posts\/8413","targetHints":{"allow":["GET"]}}],"collection":[{"href":"https:\/\/www2.comunitaria.com.br\/en\/wp-json\/wp\/v2\/posts"}],"about":[{"href":"https:\/\/www2.comunitaria.com.br\/en\/wp-json\/wp\/v2\/types\/post"}],"author":[{"embeddable":true,"href":"https:\/\/www2.comunitaria.com.br\/en\/wp-json\/wp\/v2\/users\/2"}],"replies":[{"embeddable":true,"href":"https:\/\/www2.comunitaria.com.br\/en\/wp-json\/wp\/v2\/comments?post=8413"}],"version-history":[{"count":0,"href":"https:\/\/www2.comunitaria.com.br\/en\/wp-json\/wp\/v2\/posts\/8413\/revisions"}],"wp:featuredmedia":[{"embeddable":true,"href":"https:\/\/www2.comunitaria.com.br\/en\/wp-json\/wp\/v2\/media\/8416"}],"wp:attachment":[{"href":"https:\/\/www2.comunitaria.com.br\/en\/wp-json\/wp\/v2\/media?parent=8413"}],"wp:term":[{"taxonomy":"category","embeddable":true,"href":"https:\/\/www2.comunitaria.com.br\/en\/wp-json\/wp\/v2\/categories?post=8413"},{"taxonomy":"post_tag","embeddable":true,"href":"https:\/\/www2.comunitaria.com.br\/en\/wp-json\/wp\/v2\/tags?post=8413"}],"curies":[{"name":"wp","href":"https:\/\/api.w.org\/{rel}","templated":true}]}}