{"id":8340,"date":"2015-09-22T15:13:57","date_gmt":"2015-09-22T17:13:57","guid":{"rendered":"http:\/\/www2.comunitaria.com.br\/?p=8340"},"modified":"2015-09-22T15:13:57","modified_gmt":"2015-09-22T17:13:57","slug":"33a-feira-do-livro-de-fw-tera-concurso-de-recitacao-de-poesias","status":"publish","type":"post","link":"https:\/\/www2.comunitaria.com.br\/en\/33a-feira-do-livro-de-fw-tera-concurso-de-recitacao-de-poesias\/","title":{"rendered":"33\u00aa Feira do Livro de FW ter\u00e1 concurso de recita\u00e7\u00e3o de poesias"},"content":{"rendered":"<p style=\"text-align: justify;\">O Concurso de Recita\u00e7\u00e3o de Poesias \u201cP\u00e9 de Pil\u00e3o\u201d ir\u00e1 compor a programa\u00e7\u00e3o da 33\u00aa Feira do Livro. Seu nome \u00e9 uma homenagem a obra P\u00e9 de Pil\u00e3o, de M\u00e1rio Quintana, sendo que em 2015 faz 40 anos da hist\u00f3rica sess\u00e3o de aut\u00f3grafos de lan\u00e7amento deste livro que o escritor realizou.<\/p>\n<p style=\"text-align: justify;\">O concurso ser\u00e1 na sexta-feira, dia 09, \u00e0s 10h15min e continua durante a tarde a partir das 14h15min. O p\u00fablico alvo \u00e9 os alunos das s\u00e9ries iniciais.<\/p>\n<p style=\"text-align: justify;\">Podem participar do concurso alunos da pr\u00e9-escola at\u00e9 o 5\u00ba ano das escolas do munic\u00edpio, sendo um aluno por institui\u00e7\u00e3o. As inscri\u00e7\u00f5es s\u00e3o gratuitas e devem ser feitas pelas escolas at\u00e9 a pr\u00f3xima segunda-feira, dia 28 de setembro.<\/p>\n<p style=\"text-align: justify;\">A comiss\u00e3o julgadora ser\u00e1 composta por 5 profissionais convidados, que escolher\u00e3o os tr\u00eas melhores declamadores. O pr\u00eamio ser\u00e1 surpresa.<\/p>\n<p style=\"text-align: justify;\">O objetivo do concurso \u00e9 estimular a express\u00e3o art\u00edstica, conhecer e socializar as poesias de M\u00e1rio Quintana e valorizar os talentos locais.<\/p>","protected":false},"excerpt":{"rendered":"<p>O Concurso de Recita\u00e7\u00e3o de Poesias \u201cP\u00e9 de Pil\u00e3o\u201d ir\u00e1 compor a programa\u00e7\u00e3o da 33\u00aa Feira do Livro. Seu nome \u00e9 uma homenagem a obra P\u00e9 de Pil\u00e3o, de M\u00e1rio Quintana, sendo que em 2015 faz 40 anos da hist\u00f3rica sess\u00e3o de aut\u00f3grafos de lan\u00e7amento deste livro que o escritor realizou. O concurso ser\u00e1 na<\/p>\n<div class=\"read-more-wrapper\"><a class=\"read-more\" href=\"https:\/\/www2.comunitaria.com.br\/en\/33a-feira-do-livro-de-fw-tera-concurso-de-recitacao-de-poesias\/\" title=\"Read More\"> <span class=\"button\">Read More<\/span><\/a><\/div>","protected":false},"author":2,"featured_media":8341,"comment_status":"open","ping_status":"closed","sticky":false,"template":"","format":"standard","meta":{"ngg_post_thumbnail":0,"footnotes":""},"categories":[44,42,33,35],"tags":[413,1118,82,1165],"class_list":["post-8340","post","type-post","status-publish","format-standard","has-post-thumbnail","hentry","category-educacao","category-fred-west","category-noticias","category-variedades","tag-educacao-2","tag-feira-do-livro","tag-frederico-westphalen","tag-variedades"],"amp_enabled":true,"_links":{"self":[{"href":"https:\/\/www2.comunitaria.com.br\/en\/wp-json\/wp\/v2\/posts\/8340","targetHints":{"allow":["GET"]}}],"collection":[{"href":"https:\/\/www2.comunitaria.com.br\/en\/wp-json\/wp\/v2\/posts"}],"about":[{"href":"https:\/\/www2.comunitaria.com.br\/en\/wp-json\/wp\/v2\/types\/post"}],"author":[{"embeddable":true,"href":"https:\/\/www2.comunitaria.com.br\/en\/wp-json\/wp\/v2\/users\/2"}],"replies":[{"embeddable":true,"href":"https:\/\/www2.comunitaria.com.br\/en\/wp-json\/wp\/v2\/comments?post=8340"}],"version-history":[{"count":0,"href":"https:\/\/www2.comunitaria.com.br\/en\/wp-json\/wp\/v2\/posts\/8340\/revisions"}],"wp:featuredmedia":[{"embeddable":true,"href":"https:\/\/www2.comunitaria.com.br\/en\/wp-json\/wp\/v2\/media\/8341"}],"wp:attachment":[{"href":"https:\/\/www2.comunitaria.com.br\/en\/wp-json\/wp\/v2\/media?parent=8340"}],"wp:term":[{"taxonomy":"category","embeddable":true,"href":"https:\/\/www2.comunitaria.com.br\/en\/wp-json\/wp\/v2\/categories?post=8340"},{"taxonomy":"post_tag","embeddable":true,"href":"https:\/\/www2.comunitaria.com.br\/en\/wp-json\/wp\/v2\/tags?post=8340"}],"curies":[{"name":"wp","href":"https:\/\/api.w.org\/{rel}","templated":true}]}}