{"id":833,"date":"2014-11-27T08:55:03","date_gmt":"2014-11-27T10:55:03","guid":{"rendered":"http:\/\/www2.comunitaria.com.br\/?p=833"},"modified":"2014-11-27T08:55:03","modified_gmt":"2014-11-27T10:55:03","slug":"ocorrencias-policiais-briga-deixa-pelo-menso-7-feridos-em-seberi","status":"publish","type":"post","link":"https:\/\/www2.comunitaria.com.br\/en\/ocorrencias-policiais-briga-deixa-pelo-menso-7-feridos-em-seberi\/","title":{"rendered":"Ocorr\u00eancias Policiais: Briga deixa pelo menso 7 feridos em Seberi"},"content":{"rendered":"<p style=\"text-align: justify;\">Nas ultimas 24 horas, os Policiais Militares que atuam na \u00e1rea do 37\u00b0 Batalh\u00e3o de Pol\u00edcia Militar atenderam 09 Ocorr\u00eancias, sendo preenchidos 26 Boletins de Atendimento. Foram autuados 07 ve\u00edculos por estarem em desacordo com o C\u00f3digo de Tr\u00e2nsito Brasileiro. V\u00e1rias assist\u00eancias foram prestadas a popula\u00e7\u00e3o.<\/p>\n<p style=\"text-align: justify;\">OS PRINCIPAIS FATOS FORAM:<\/p>\n<p style=\"text-align: justify;\">Em ALPESTRE \u00e0s 12hs20min na Linha Lajeado Carneiro a Brigada Militar foi comunicada de um ve\u00edculo submerso no lago da Usina Hidrel\u00e9trica Foz do Chapec\u00f3. Foi deslocado at\u00e9 o local, onde foi contatado o fato, sendo que \u00e9 um ve\u00edculo vermelho, aparentemente de marca Ford, n\u00e3o sendo poss\u00edvel identificar o modelo devido o mesmo estar totalmente submerso. Foi comunicado a Delegacia de Pol\u00edcia Civil e entrado em contato com o Guincho CRD Squenal, o qual informou que n\u00e3o possui equipamento adequado para retirar o ve\u00edculo do local. A prefeitura municipal de Alpestre ir\u00e1 auxiliar na retirada do ve\u00edculo em data posterior, devido n\u00e3o haver maquin\u00e1rio dispon\u00edvel no momento. Foi comunicado o Corpo de Bombeiros, os quais ir\u00e3o deslocar uma equipe de mergulhadores da cidade de Passo Fundo para auxiliar na retirada do ve\u00edculo do local visto o ve\u00edculo estar submerso, a equipe de mergulhadores ir\u00e1 se deslocar na data (27\/11\/2014).<\/p>\n<p style=\"text-align: justify;\">Em PALMITINHO \u00e0s 13hs30min na linha vencedora a Brigada Militar atendeu ocorr\u00eancia de acidente de transito com les\u00f5es corporais onde o condutor da motocicleta Honda cg 150, A.B. deslocava no sentido Palmitinho\/Pinheirinho do Vale tendo na carona sua Esposa I.M.E.J.B.B., quando em determinado momento trancou a roda dianteira perdendo o controle vindo a cair, saindo lesionados os dois ocupantes, sendo socorridos pelo SAMU ao hospital local. Foi conduzido o condutor a Delegacia de Policia onde foi efetuado o Registro por Les\u00e3o Corporal Culposa na dire\u00e7\u00e3o de Ve\u00edculo Automotor.<\/p>\n<p style=\"text-align: justify;\">Em SEBERI \u00e0s 21hs30min na Rua Genuino bertinato a Brigada Militar atendeu ocorr\u00eancia de Les\u00e3o Corporal \/ Vias de fato, no local foi constatado que indiv\u00edduos entraram em confronto com uso de arma branca e pedras, encontrado no local R.S.S. com ferimento profundo na m\u00e3o esquerda, A.S.S. com fratura no bra\u00e7o esquerdo, S.C.S. com ferimento na cabe\u00e7a, R.A.C.S. com ferimento na testa e bra\u00e7o esquerdo, N.C.S. com ferimentos na cabe\u00e7a, t\u00f3rax e abd\u00f4men, D.J.A. com ferimento no bra\u00e7o esquerdo e cabe\u00e7a, R.C.A. com ferimento no bra\u00e7o direito e bra\u00e7o esquerdo e cabe\u00e7a, as vitimas foram socorridas ao Hospital de Seberi, a ocorr\u00eancia foi registrada na Delegacia de Pol\u00edcia Civil.<\/p>\n<p style=\"text-align: justify;\">Nos munic\u00edpios da \u00e1rea do 37\u00b0 Batalh\u00e3o de Pol\u00edcia Militar foram atendidas ocorr\u00eancias de menores propor\u00e7\u00f5es, sendo efetuadas abordagens de ve\u00edculos, identifica\u00e7\u00e3o de pessoas e prestado o policiamento ostensivo preventivo.<\/p>\n<p style=\"text-align: justify;\">DICA DE SEGURAN\u00c7A<\/p>\n<p style=\"text-align: justify;\">A Brigada Militar orienta as pessoas para que nunca forne\u00e7am dados pessoais por telefone e tamb\u00e9m para que orientem seus empregados para que fa\u00e7am o mesmo. As crian\u00e7as devem ser orientadas para n\u00e3o abrir a porta para estranhos e nem traz\u00ea-los para casa sem autoriza\u00e7\u00e3o.<\/p>","protected":false},"excerpt":{"rendered":"<p>Nas ultimas 24 horas, os Policiais Militares que atuam na \u00e1rea do 37\u00b0 Batalh\u00e3o de Pol\u00edcia Militar atenderam 09 Ocorr\u00eancias, sendo preenchidos 26 Boletins de Atendimento. Foram autuados 07 ve\u00edculos por estarem em desacordo com o C\u00f3digo de Tr\u00e2nsito Brasileiro. V\u00e1rias assist\u00eancias foram prestadas a popula\u00e7\u00e3o. OS PRINCIPAIS FATOS FORAM: Em ALPESTRE \u00e0s 12hs20min na<\/p>\n<div class=\"read-more-wrapper\"><a class=\"read-more\" href=\"https:\/\/www2.comunitaria.com.br\/en\/ocorrencias-policiais-briga-deixa-pelo-menso-7-feridos-em-seberi\/\" title=\"Read More\"> <span class=\"button\">Read More<\/span><\/a><\/div>","protected":false},"author":2,"featured_media":834,"comment_status":"open","ping_status":"closed","sticky":false,"template":"","format":"standard","meta":{"ngg_post_thumbnail":0,"footnotes":""},"categories":[33,36],"tags":[81,79,177,263],"class_list":["post-833","post","type-post","status-publish","format-standard","has-post-thumbnail","hentry","category-noticias","category-policia","tag-alpestre","tag-brigada","tag-policia-2","tag-seberi"],"amp_enabled":true,"_links":{"self":[{"href":"https:\/\/www2.comunitaria.com.br\/en\/wp-json\/wp\/v2\/posts\/833","targetHints":{"allow":["GET"]}}],"collection":[{"href":"https:\/\/www2.comunitaria.com.br\/en\/wp-json\/wp\/v2\/posts"}],"about":[{"href":"https:\/\/www2.comunitaria.com.br\/en\/wp-json\/wp\/v2\/types\/post"}],"author":[{"embeddable":true,"href":"https:\/\/www2.comunitaria.com.br\/en\/wp-json\/wp\/v2\/users\/2"}],"replies":[{"embeddable":true,"href":"https:\/\/www2.comunitaria.com.br\/en\/wp-json\/wp\/v2\/comments?post=833"}],"version-history":[{"count":0,"href":"https:\/\/www2.comunitaria.com.br\/en\/wp-json\/wp\/v2\/posts\/833\/revisions"}],"wp:featuredmedia":[{"embeddable":true,"href":"https:\/\/www2.comunitaria.com.br\/en\/wp-json\/wp\/v2\/media\/834"}],"wp:attachment":[{"href":"https:\/\/www2.comunitaria.com.br\/en\/wp-json\/wp\/v2\/media?parent=833"}],"wp:term":[{"taxonomy":"category","embeddable":true,"href":"https:\/\/www2.comunitaria.com.br\/en\/wp-json\/wp\/v2\/categories?post=833"},{"taxonomy":"post_tag","embeddable":true,"href":"https:\/\/www2.comunitaria.com.br\/en\/wp-json\/wp\/v2\/tags?post=833"}],"curies":[{"name":"wp","href":"https:\/\/api.w.org\/{rel}","templated":true}]}}