{"id":8307,"date":"2015-09-21T17:33:11","date_gmt":"2015-09-21T19:33:11","guid":{"rendered":"http:\/\/www2.comunitaria.com.br\/?p=8307"},"modified":"2015-09-21T17:33:11","modified_gmt":"2015-09-21T19:33:11","slug":"anvisa-proibe-distribuicao-e-venda-de-quatro-tipos-de-cha","status":"publish","type":"post","link":"https:\/\/www2.comunitaria.com.br\/en\/anvisa-proibe-distribuicao-e-venda-de-quatro-tipos-de-cha\/","title":{"rendered":"Anvisa pro\u00edbe distribui\u00e7\u00e3o e venda de quatro tipos de ch\u00e1"},"content":{"rendered":"<p style=\"text-align: justify;\">Resolu\u00e7\u00e3o da Ag\u00eancia Nacional de Vigil\u00e2ncia Sanit\u00e1ria (Anvisa) publicada nesta segunda-feira, 21, no <em>Di\u00e1rio Oficial da Uni\u00e3o<\/em> pro\u00edbe a fabrica\u00e7\u00e3o, distribui\u00e7\u00e3o, comercializa\u00e7\u00e3o e o uso de todos os lotes do Ch\u00e1 Misto Camomila e Cidreira, Ch\u00e1 Misto Ma\u00e7\u00e3 e Hortel\u00e3 Dia e Ch\u00e1 Misto Ma\u00e7\u00e3 e Canela, da marca Da China, al\u00e9m do Ch\u00e1 Noite Tranquila Arom\u00e1tico, da marca Chileno. Os produtos s\u00e3o fabricados pelo Laborat\u00f3rio Industrial Vida e Sa\u00fade Ltda.<\/p>\n<p style=\"text-align: justify;\"><a href=\"http:\/\/pesquisa.in.gov.br\/imprensa\/jsp\/visualiza\/index.jsp?jornal=1&amp;pagina=53&amp;data=21\/09\/2015\" target=\"_blank\">De acordo com o texto<\/a>, os ch\u00e1s est\u00e3o em desacordo com a legisla\u00e7\u00e3o vigente. Segundo a Anvisa, o Ch\u00e1 Misto Camomila e Cidreira e o Ch\u00e1 Misto Ma\u00e7\u00e3 e Hortel\u00e3 Dia cont\u00e9m falsa indica\u00e7\u00e3o para lactentes. J\u00e1 o Ch\u00e1 Misto Ma\u00e7\u00e3 e Canela cont\u00e9m a esp\u00e9cie vegetal Casca de Jabuticaba (Myrciaria cauliflora), que n\u00e3o consta na composi\u00e7\u00e3o da bebida. O Ch\u00e1 Noite Tranquila Arom\u00e1tico cont\u00e9m a esp\u00e9cie vegetal Anis estrelado, tamb\u00e9m sem indica\u00e7\u00e3o na composi\u00e7\u00e3o da bebida.<\/p>\n<p style=\"text-align: justify;\">O Laborat\u00f3rio Industrial Vida e Sa\u00fade Ltda. informou que j\u00e1 est\u00e1 recolhendo todos os lotes dos ch\u00e1s que possuem indica\u00e7\u00e3o fitoter\u00e1pica e que n\u00e3o est\u00e1 fabricando esse tipo de produto no momento. Ainda segundo a empresa, um alvar\u00e1 da vigil\u00e2ncia sanit\u00e1ria estadual vai regularizar a situa\u00e7\u00e3o. O documento deve ser protocolado na pr\u00f3xima semana, permitindo a retomada da fabrica\u00e7\u00e3o dos ch\u00e1s.<\/p>\n<p style=\"text-align: justify;\"><strong>Ag\u00eancia Brasil\u00a0<\/strong><\/p>\n<p style=\"text-align: justify;\"><strong>Foto: Divulga\u00e7\u00e3o<\/strong><\/p>","protected":false},"excerpt":{"rendered":"<p>Resolu\u00e7\u00e3o da Ag\u00eancia Nacional de Vigil\u00e2ncia Sanit\u00e1ria (Anvisa) publicada nesta segunda-feira, 21, no Di\u00e1rio Oficial da Uni\u00e3o pro\u00edbe a fabrica\u00e7\u00e3o, distribui\u00e7\u00e3o, comercializa\u00e7\u00e3o e o uso de todos os lotes do&#8230;<\/p>","protected":false},"author":2,"featured_media":8308,"comment_status":"open","ping_status":"closed","sticky":false,"template":"","format":"standard","meta":{"ngg_post_thumbnail":0,"footnotes":""},"categories":[47,33,37],"tags":[1122,1676,1677,303],"class_list":["post-8307","post","type-post","status-publish","format-standard","has-post-thumbnail","hentry","category-brasil","category-noticias","category-saude","tag-anvisa","tag-bebida","tag-cha","tag-proibicao"],"amp_enabled":true,"_links":{"self":[{"href":"https:\/\/www2.comunitaria.com.br\/en\/wp-json\/wp\/v2\/posts\/8307","targetHints":{"allow":["GET"]}}],"collection":[{"href":"https:\/\/www2.comunitaria.com.br\/en\/wp-json\/wp\/v2\/posts"}],"about":[{"href":"https:\/\/www2.comunitaria.com.br\/en\/wp-json\/wp\/v2\/types\/post"}],"author":[{"embeddable":true,"href":"https:\/\/www2.comunitaria.com.br\/en\/wp-json\/wp\/v2\/users\/2"}],"replies":[{"embeddable":true,"href":"https:\/\/www2.comunitaria.com.br\/en\/wp-json\/wp\/v2\/comments?post=8307"}],"version-history":[{"count":0,"href":"https:\/\/www2.comunitaria.com.br\/en\/wp-json\/wp\/v2\/posts\/8307\/revisions"}],"wp:featuredmedia":[{"embeddable":true,"href":"https:\/\/www2.comunitaria.com.br\/en\/wp-json\/wp\/v2\/media\/8308"}],"wp:attachment":[{"href":"https:\/\/www2.comunitaria.com.br\/en\/wp-json\/wp\/v2\/media?parent=8307"}],"wp:term":[{"taxonomy":"category","embeddable":true,"href":"https:\/\/www2.comunitaria.com.br\/en\/wp-json\/wp\/v2\/categories?post=8307"},{"taxonomy":"post_tag","embeddable":true,"href":"https:\/\/www2.comunitaria.com.br\/en\/wp-json\/wp\/v2\/tags?post=8307"}],"curies":[{"name":"wp","href":"https:\/\/api.w.org\/{rel}","templated":true}]}}