{"id":8233,"date":"2015-09-20T17:41:16","date_gmt":"2015-09-20T19:41:16","guid":{"rendered":"http:\/\/www2.comunitaria.com.br\/?p=8233"},"modified":"2015-09-20T17:42:35","modified_gmt":"2015-09-20T19:42:35","slug":"manifestacao-de-familiares-impede-participacao-de-pms-e-corpo-de-bombeiros-no-desfile-farroupilha","status":"publish","type":"post","link":"https:\/\/www2.comunitaria.com.br\/en\/manifestacao-de-familiares-impede-participacao-de-pms-e-corpo-de-bombeiros-no-desfile-farroupilha\/","title":{"rendered":"Manifesta\u00e7\u00e3o de familiares impede participa\u00e7\u00e3o de PMs e Corpo de Bombeiros no Desfile Farroupilha"},"content":{"rendered":"<p style=\"text-align: justify;\">O tradicional desfile de vinte de setembro n\u00e3o contou com a participa\u00e7\u00e3o do Corpo de Bombeiros e Brigada Militar de Frederico Westphalen. Familiares se reuniram em frente \u00e0s sedes e realizaram manifesta\u00e7\u00e3o e ato de aquartelamento impedindo a sa\u00edda dos servidores para o desfile neste domingo, 20.<\/p>\n<p style=\"text-align: justify;\">O ato deve-se ao parcelamento de sal\u00e1rios dos servidores p\u00fablicos que vem ocorrendo nos \u00faltimos meses.\u00a0Vera Ribeiro, esposa de um dos policias comenta sobre a manifesta\u00e7\u00e3o e a indigna\u00e7\u00e3o dos familiares perante a situa\u00e7\u00e3o do parcelamento de sal\u00e1rios:<\/p>\n<audio class=\"wp-audio-shortcode\" id=\"audio-8233-1\" preload=\"none\" style=\"width: 100%;\" controls=\"controls\"><source type=\"audio\/wav\" src=\"http:\/\/www2.comunitaria.com.br\/wp-content\/uploads\/2015\/09\/Vera.wav?_=1\" \/><a href=\"http:\/\/www2.comunitaria.com.br\/wp-content\/uploads\/2015\/09\/Vera.wav\">http:\/\/www2.comunitaria.com.br\/wp-content\/uploads\/2015\/09\/Vera.wav<\/a><\/audio>\n<p>Em frente a sede do Corpo de Bombeiros, o\u00a0ato de aquartelamento impediu a sa\u00edda das guarni\u00e7\u00f5es para o desfile e contou com \u00a0apoio de integrantes do 26\u00ba N\u00facleo do Cpers\/Sindicato e da Universidade Estadual do Rio Grande do Sul (Uergs).<\/p>\n\n\t\t<style>\n\t\t\t#gallery-1 {\n\t\t\t\tmargin: auto;\n\t\t\t}\n\t\t\t#gallery-1 .gallery-item {\n\t\t\t\tfloat: left;\n\t\t\t\tmargin-top: 10px;\n\t\t\t\ttext-align: center;\n\t\t\t\twidth: 33%;\n\t\t\t}\n\t\t\t#gallery-1 img {\n\t\t\t\tborder: 2px solid #cfcfcf;\n\t\t\t}\n\t\t\t#gallery-1 .gallery-caption {\n\t\t\t\tmargin-left: 0;\n\t\t\t}\n\t\t\t\/* see gallery_shortcode() in wp-includes\/media.php *\/\n\t\t<\/style>\n\t\t<div id='gallery-1' class='gallery galleryid-8233 gallery-columns-3 gallery-size-thumbnail'><dl class='gallery-item'>\n\t\t\t<dt class='gallery-icon landscape'>\n\t\t\t\t<a href='https:\/\/www2.comunitaria.com.br\/en\/manifestacao-de-familiares-impede-participacao-de-pms-e-corpo-de-bombeiros-no-desfile-farroupilha\/dsc_0003-4\/'><img loading=\"lazy\" decoding=\"async\" width=\"150\" height=\"150\" src=\"https:\/\/www2.comunitaria.com.br\/wp-content\/uploads\/2015\/09\/DSC_00031-150x150.jpg\" class=\"attachment-thumbnail size-thumbnail\" alt=\"\" aria-describedby=\"gallery-1-8237\" srcset=\"https:\/\/www2.comunitaria.com.br\/wp-content\/uploads\/2015\/09\/DSC_00031-150x150.jpg 150w, https:\/\/www2.comunitaria.com.br\/wp-content\/uploads\/2015\/09\/DSC_00031-65x65.jpg 65w\" sizes=\"auto, (max-width: 150px) 100vw, 150px\" \/><\/a>\n\t\t\t<\/dt>\n\t\t\t\t<dd class='wp-caption-text gallery-caption' id='gallery-1-8237'>\n\t\t\t\tFoto: Sabrina Ritter\n\t\t\t\t<\/dd><\/dl><dl class='gallery-item'>\n\t\t\t<dt class='gallery-icon landscape'>\n\t\t\t\t<a href='https:\/\/www2.comunitaria.com.br\/en\/manifestacao-de-familiares-impede-participacao-de-pms-e-corpo-de-bombeiros-no-desfile-farroupilha\/dsc_0006-6\/'><img loading=\"lazy\" decoding=\"async\" width=\"150\" height=\"150\" src=\"https:\/\/www2.comunitaria.com.br\/wp-content\/uploads\/2015\/09\/DSC_00061-150x150.jpg\" class=\"attachment-thumbnail size-thumbnail\" alt=\"\" aria-describedby=\"gallery-1-8238\" srcset=\"https:\/\/www2.comunitaria.com.br\/wp-content\/uploads\/2015\/09\/DSC_00061-150x150.jpg 150w, https:\/\/www2.comunitaria.com.br\/wp-content\/uploads\/2015\/09\/DSC_00061-65x65.jpg 65w\" sizes=\"auto, (max-width: 150px) 100vw, 150px\" \/><\/a>\n\t\t\t<\/dt>\n\t\t\t\t<dd class='wp-caption-text gallery-caption' id='gallery-1-8238'>\n\t\t\t\tFoto: Sabrina Ritter\n\t\t\t\t<\/dd><\/dl>\n\t\t\t<br style='clear: both' \/>\n\t\t<\/div>","protected":false},"excerpt":{"rendered":"<p>O tradicional desfile de vinte de setembro n\u00e3o contou com a participa\u00e7\u00e3o do Corpo de Bombeiros e Brigada Militar de Frederico Westphalen. Familiares se reuniram em frente \u00e0s sedes e&#8230;<\/p>","protected":false},"author":2,"featured_media":8238,"comment_status":"open","ping_status":"closed","sticky":false,"template":"","format":"standard","meta":{"ngg_post_thumbnail":0,"footnotes":""},"categories":[46,42,28,33,36],"tags":[1610,367,1611,177,1413],"class_list":["post-8233","post","type-post","status-publish","format-standard","has-post-thumbnail","hentry","category-estado","category-fred-west","category-destaque","category-noticias","category-policia","tag-aquartelamento","tag-bombeiros","tag-parcelamento-de-salario","tag-policia-2","tag-servidores-publicos"],"amp_enabled":true,"_links":{"self":[{"href":"https:\/\/www2.comunitaria.com.br\/en\/wp-json\/wp\/v2\/posts\/8233","targetHints":{"allow":["GET"]}}],"collection":[{"href":"https:\/\/www2.comunitaria.com.br\/en\/wp-json\/wp\/v2\/posts"}],"about":[{"href":"https:\/\/www2.comunitaria.com.br\/en\/wp-json\/wp\/v2\/types\/post"}],"author":[{"embeddable":true,"href":"https:\/\/www2.comunitaria.com.br\/en\/wp-json\/wp\/v2\/users\/2"}],"replies":[{"embeddable":true,"href":"https:\/\/www2.comunitaria.com.br\/en\/wp-json\/wp\/v2\/comments?post=8233"}],"version-history":[{"count":0,"href":"https:\/\/www2.comunitaria.com.br\/en\/wp-json\/wp\/v2\/posts\/8233\/revisions"}],"wp:featuredmedia":[{"embeddable":true,"href":"https:\/\/www2.comunitaria.com.br\/en\/wp-json\/wp\/v2\/media\/8238"}],"wp:attachment":[{"href":"https:\/\/www2.comunitaria.com.br\/en\/wp-json\/wp\/v2\/media?parent=8233"}],"wp:term":[{"taxonomy":"category","embeddable":true,"href":"https:\/\/www2.comunitaria.com.br\/en\/wp-json\/wp\/v2\/categories?post=8233"},{"taxonomy":"post_tag","embeddable":true,"href":"https:\/\/www2.comunitaria.com.br\/en\/wp-json\/wp\/v2\/tags?post=8233"}],"curies":[{"name":"wp","href":"https:\/\/api.w.org\/{rel}","templated":true}]}}