{"id":8128,"date":"2015-09-18T10:28:51","date_gmt":"2015-09-18T12:28:51","guid":{"rendered":"http:\/\/www2.comunitaria.com.br\/?p=8128"},"modified":"2015-09-18T10:28:51","modified_gmt":"2015-09-18T12:28:51","slug":"operacao-leite-compensado-realiza-nova-etapa","status":"publish","type":"post","link":"https:\/\/www2.comunitaria.com.br\/en\/operacao-leite-compensado-realiza-nova-etapa\/","title":{"rendered":"Opera\u00e7\u00e3o Leite Compensado realiza nova etapa"},"content":{"rendered":"<p>Mais uma etapa da Opera\u00e7\u00e3o Leite Compensado foi realizada nesta quinta-feira (17). Quatro mandados de pris\u00e3o e cinco de busca e apreens\u00e3o foram cumpridos no munic\u00edpio de Esmeralda, nos campos de cima da serra. De acordo com o Minist\u00e9rio P\u00fablico, a transportadora M\u00e1rcio Fachinello \u00e9 investigada por crime organizado e adultera\u00e7\u00e3o de produto aliment\u00edcio. O propriet\u00e1rio da empresa e tr\u00eas funcion\u00e1rios foram presos preventivamente. As investiga\u00e7\u00f5es apontam que eles adicionavam produtos qu\u00edmicos ao leite cru com a finalidade de mascarar a adi\u00e7\u00e3o da \u00e1gua e aumentar o volume do produto final, como explica o Promotor de Justi\u00e7a, Alcindo Luz Bastos Filho. O objetivo era obter mais lucro, al\u00e9m de evitar a perda de leite j\u00e1 em deteriora\u00e7\u00e3o.<\/p>\n<!--[if lt IE 9]><script>document.createElement('audio');<\/script><![endif]-->\n<audio class=\"wp-audio-shortcode\" id=\"audio-8128-1\" preload=\"none\" style=\"width: 100%;\" controls=\"controls\"><source type=\"audio\/mpeg\" src=\"http:\/\/www2.comunitaria.com.br\/wp-content\/uploads\/2015\/09\/016.mp3?_=1\" \/><a href=\"http:\/\/www2.comunitaria.com.br\/wp-content\/uploads\/2015\/09\/016.mp3\">http:\/\/www2.comunitaria.com.br\/wp-content\/uploads\/2015\/09\/016.mp3<\/a><\/audio>\n<p>A empresa recolhia entre 40.000 e 50.000 litros de leite cru diariamente. Os funcion\u00e1rios eram orientados a acrescentar \u00e1gua e bicarbonato de s\u00f3dio, subst\u00e2ncia utilizada para deixar o leite impr\u00f3prio ao consumo dentro dos par\u00e2metros legais. O produto seria encaminhado para a empresa Latic\u00ednios Unibom, localizada no munic\u00edpio de \u00c1gua Santa. As investiga\u00e7\u00f5es ainda d\u00e3o conta que os suspeitos coletavam leite com at\u00e9 sete dias de prazo entre a ordenha e a coleta.<\/p>\n<p>A legisla\u00e7\u00e3o em vigor prev\u00ea que o prazo m\u00e1ximo para a coleta do leite at\u00e9 o seu recebimento e processamento pelos postos de resfriamento \u00e9 de 48 horas. A den\u00fancia deve ser apresentada pelo Minist\u00e9rio P\u00fablico at\u00e9 o fim da semana que vem.<\/p>\n<audio class=\"wp-audio-shortcode\" id=\"audio-8128-2\" preload=\"none\" style=\"width: 100%;\" controls=\"controls\"><source type=\"audio\/mpeg\" src=\"http:\/\/www2.comunitaria.com.br\/wp-content\/uploads\/2015\/09\/022.mp3?_=2\" \/><a href=\"http:\/\/www2.comunitaria.com.br\/wp-content\/uploads\/2015\/09\/022.mp3\">http:\/\/www2.comunitaria.com.br\/wp-content\/uploads\/2015\/09\/022.mp3<\/a><\/audio>\n<p>As a\u00e7\u00f5es, que fazem parte da 9\u00aa etapa da Opera\u00e7\u00e3o Leite Compensado, foram realizadas pelo MP, com apoio do Minist\u00e9rio da Agricultura, Pecu\u00e1ria e Abastecimento, Receita Estadual e Brigada Militar.<\/p>","protected":false},"excerpt":{"rendered":"<p>Mais uma etapa da Opera\u00e7\u00e3o Leite Compensado foi realizada nesta quinta-feira (17). Quatro mandados de pris\u00e3o e cinco de busca e apreens\u00e3o foram cumpridos no munic\u00edpio de Esmeralda, nos campos de cima da serra. De acordo com o Minist\u00e9rio P\u00fablico, a transportadora M\u00e1rcio Fachinello \u00e9 investigada por crime organizado e adultera\u00e7\u00e3o de produto aliment\u00edcio. O<\/p>\n<div class=\"read-more-wrapper\"><a class=\"read-more\" href=\"https:\/\/www2.comunitaria.com.br\/en\/operacao-leite-compensado-realiza-nova-etapa\/\" title=\"Read More\"> <span class=\"button\">Read More<\/span><\/a><\/div>","protected":false},"author":2,"featured_media":8132,"comment_status":"open","ping_status":"closed","sticky":false,"template":"","format":"standard","meta":{"ngg_post_thumbnail":0,"footnotes":""},"categories":[51,46,33,36,37],"tags":[907],"class_list":["post-8128","post","type-post","status-publish","format-standard","has-post-thumbnail","hentry","category-audio","category-estado","category-noticias","category-policia","category-saude","tag-leite-compensado"],"amp_enabled":true,"_links":{"self":[{"href":"https:\/\/www2.comunitaria.com.br\/en\/wp-json\/wp\/v2\/posts\/8128","targetHints":{"allow":["GET"]}}],"collection":[{"href":"https:\/\/www2.comunitaria.com.br\/en\/wp-json\/wp\/v2\/posts"}],"about":[{"href":"https:\/\/www2.comunitaria.com.br\/en\/wp-json\/wp\/v2\/types\/post"}],"author":[{"embeddable":true,"href":"https:\/\/www2.comunitaria.com.br\/en\/wp-json\/wp\/v2\/users\/2"}],"replies":[{"embeddable":true,"href":"https:\/\/www2.comunitaria.com.br\/en\/wp-json\/wp\/v2\/comments?post=8128"}],"version-history":[{"count":0,"href":"https:\/\/www2.comunitaria.com.br\/en\/wp-json\/wp\/v2\/posts\/8128\/revisions"}],"wp:featuredmedia":[{"embeddable":true,"href":"https:\/\/www2.comunitaria.com.br\/en\/wp-json\/wp\/v2\/media\/8132"}],"wp:attachment":[{"href":"https:\/\/www2.comunitaria.com.br\/en\/wp-json\/wp\/v2\/media?parent=8128"}],"wp:term":[{"taxonomy":"category","embeddable":true,"href":"https:\/\/www2.comunitaria.com.br\/en\/wp-json\/wp\/v2\/categories?post=8128"},{"taxonomy":"post_tag","embeddable":true,"href":"https:\/\/www2.comunitaria.com.br\/en\/wp-json\/wp\/v2\/tags?post=8128"}],"curies":[{"name":"wp","href":"https:\/\/api.w.org\/{rel}","templated":true}]}}