{"id":8118,"date":"2015-09-18T10:01:15","date_gmt":"2015-09-18T12:01:15","guid":{"rendered":"http:\/\/www2.comunitaria.com.br\/?p=8118"},"modified":"2015-09-18T10:06:07","modified_gmt":"2015-09-18T12:06:07","slug":"assistencia-social-realiza-encontro-com-beneficiarios-do-programa-de-aquisicao-de-alimentos","status":"publish","type":"post","link":"https:\/\/www2.comunitaria.com.br\/en\/assistencia-social-realiza-encontro-com-beneficiarios-do-programa-de-aquisicao-de-alimentos\/","title":{"rendered":"Assist\u00eancia Social realiza encontro com benefici\u00e1rios do Programa de Aquisi\u00e7\u00e3o de Alimentos"},"content":{"rendered":"<p style=\"text-align: justify;\">Na \u00faltima\u00a0quinta-feira, 17, aconteceu o encontro dos benefici\u00e1rios do Programa de Aquisi\u00e7\u00e3o de Alimentos (PAA), no Sindicato dos Trabalhadores Rurais de Frederico Westphalen, sendo organizado pelo Centro de Refer\u00eancia de Assist\u00eancia Social (CRAS). O tema das palestras s\u00e3o escolhidos pelos pr\u00f3prios benefici\u00e1rios do programa. Neste encontro a conversa foi voltada \u00e0 Sa\u00fade da Mulher, ministrada pela Enfermeira da Unidade B\u00e1sica de Sa\u00fade S\u00e3o Francisco de Paula, Daiane Liberalesso, j\u00e1 fazendo uma alus\u00e3o ao Movimento Outubro Rosa, que ocorre no m\u00eas que vem.<\/p>\n<p style=\"text-align: justify;\">Na segunda semana de cada m\u00eas os benefici\u00e1rios do Programa recebem a Cesta B\u00e1sica, e na semana seguinte, terceira, \u00e9 trabalhado algum tema relevante. Cerca de 100 fam\u00edlias participam do Programa. Al\u00e9m disso, h\u00e1 uma sala de recrea\u00e7\u00e3o, com uma monitora, em que os filhos dos benefici\u00e1rios podem permanecer, enquanto os pais participam das reuni\u00f5es.<\/p>\n<p style=\"text-align: justify;\">\u201cA gente trabalha mensalmente com eles, sempre trazendo um tema para que eles consigam se desenvolver dentro das suas rela\u00e7\u00f5es, dos seus v\u00ednculos familiares\u201d, relata Rudinara Vendruscolo, assistente social do CRAS.<\/p>\n<p style=\"text-align: justify;\">O Programa de Aquisi\u00e7\u00e3o de Alimentos conta com os produtos de agricultores de Frederico Westphalen, tornando-se um incentivo tanto para os produtores, que entregam os seus produtos, como para as fam\u00edlias, que recebem esses alimentos. O programa \u00e9 uma maneira de valorizar a Agricultura Familiar do munic\u00edpio e estimular a alimenta\u00e7\u00e3o saud\u00e1vel.<\/p>\n<p style=\"text-align: justify;\">\u201cA cesta l\u00e1 em casa ajuda bastante porque, apesar de eu e meu marido trabalharmos, temos que pagar aluguel e outras contas, ent\u00e3o com a cesta, n\u00e3o precisamos comprar v\u00e1rias coisas b\u00e1sicas, como p\u00e3o, bolacha e verduras. As palestras s\u00e3o boas porque\u00a0ajudam na fam\u00edlia, contribuem na educa\u00e7\u00e3o dos filhos e na conviv\u00eancia com o marido. Todo m\u00eas eu venho, n\u00e3o falto nem um dia\u201d, comenta Daniela Paz, benefici\u00e1ria do programa.<\/p>\n<p style=\"text-align: justify;\">Ap\u00f3s os encontros, os benefici\u00e1rios assinam uma lista de presen\u00e7a, para manter o controle das participa\u00e7\u00f5es. Se ocorrer de algu\u00e9m faltar duas vezes consecutivas sem justificar, ocorre uma visita na casa do benefici\u00e1rio para avaliar a situa\u00e7\u00e3o que o mesmo se encontra. Caso seja necess\u00e1rio, a fam\u00edlia pode ser substitu\u00edda por outra, deixando de receber a Cesta B\u00e1sica.<\/p>\n<p style=\"text-align: justify;\"><strong>ASCOM &#8211; Prefeitura Frederico Westphalen\u00a0<\/strong><\/p>","protected":false},"excerpt":{"rendered":"<p>Na \u00faltima\u00a0quinta-feira, 17, aconteceu o encontro dos benefici\u00e1rios do Programa de Aquisi\u00e7\u00e3o de Alimentos (PAA), no Sindicato dos Trabalhadores Rurais de Frederico Westphalen, sendo organizado pelo Centro de Refer\u00eancia de&#8230;<\/p>","protected":false},"author":2,"featured_media":8119,"comment_status":"open","ping_status":"closed","sticky":false,"template":"","format":"standard","meta":{"ngg_post_thumbnail":0,"footnotes":""},"categories":[42,33,45,37],"tags":[1305,82,1665,479,175],"class_list":["post-8118","post","type-post","status-publish","format-standard","has-post-thumbnail","hentry","category-fred-west","category-noticias","category-rural","category-saude","tag-assistencia-social","tag-frederico-westphalen","tag-programa-de-aquisicao-de-alimentos","tag-rural-2","tag-saude-2"],"amp_enabled":true,"_links":{"self":[{"href":"https:\/\/www2.comunitaria.com.br\/en\/wp-json\/wp\/v2\/posts\/8118","targetHints":{"allow":["GET"]}}],"collection":[{"href":"https:\/\/www2.comunitaria.com.br\/en\/wp-json\/wp\/v2\/posts"}],"about":[{"href":"https:\/\/www2.comunitaria.com.br\/en\/wp-json\/wp\/v2\/types\/post"}],"author":[{"embeddable":true,"href":"https:\/\/www2.comunitaria.com.br\/en\/wp-json\/wp\/v2\/users\/2"}],"replies":[{"embeddable":true,"href":"https:\/\/www2.comunitaria.com.br\/en\/wp-json\/wp\/v2\/comments?post=8118"}],"version-history":[{"count":0,"href":"https:\/\/www2.comunitaria.com.br\/en\/wp-json\/wp\/v2\/posts\/8118\/revisions"}],"wp:featuredmedia":[{"embeddable":true,"href":"https:\/\/www2.comunitaria.com.br\/en\/wp-json\/wp\/v2\/media\/8119"}],"wp:attachment":[{"href":"https:\/\/www2.comunitaria.com.br\/en\/wp-json\/wp\/v2\/media?parent=8118"}],"wp:term":[{"taxonomy":"category","embeddable":true,"href":"https:\/\/www2.comunitaria.com.br\/en\/wp-json\/wp\/v2\/categories?post=8118"},{"taxonomy":"post_tag","embeddable":true,"href":"https:\/\/www2.comunitaria.com.br\/en\/wp-json\/wp\/v2\/tags?post=8118"}],"curies":[{"name":"wp","href":"https:\/\/api.w.org\/{rel}","templated":true}]}}