{"id":7766,"date":"2015-09-11T12:30:50","date_gmt":"2015-09-11T14:30:50","guid":{"rendered":"http:\/\/www2.comunitaria.com.br\/?p=7766"},"modified":"2015-09-11T12:30:50","modified_gmt":"2015-09-11T14:30:50","slug":"safra-de-graos-deve-ser-86-maior-neste-ano-segundo-ibge","status":"publish","type":"post","link":"https:\/\/www2.comunitaria.com.br\/en\/safra-de-graos-deve-ser-86-maior-neste-ano-segundo-ibge\/","title":{"rendered":"Safra de gr\u00e3os deve ser 8,6% maior neste ano segundo IBGE"},"content":{"rendered":"<p style=\"text-align: justify;\">A safra de cereais, leguminosas e oleaginosas dever\u00e1 ser, este ano, 8,6% superior \u00e0 registrada em 2014, chegando a 210 milh\u00f5es de toneladas. O volume dever\u00e1 superar em 16,7 milh\u00f5es de toneladas o do ano anterior. A estimativa do Instituto Brasileiro de Geografia e Estat\u00edstica (IBGE), feita em agosto deste ano, \u00e9 mais otimista do que a feita em julho, que previa safra de 209 milh\u00f5es de toneladas para este ano.<\/p>\n<p style=\"text-align: justify;\">Dos 26 principais produtos analisados pelo IBGE, 16 dever\u00e3o ter aumento na produ\u00e7\u00e3o, este ano. Entre as tr\u00eas principais safras de gr\u00e3os, s\u00e3o esperados acr\u00e9scimos nas lavouras de soja (11,9%), milho (6,5%) e arroz (3,6%).<\/p>\n<p style=\"text-align: justify;\">Tamb\u00e9m s\u00e3o esperados crescimentos em lavouras como trigo em gr\u00e3o (17,1%), batata-inglesa 1\u00aa safra (0,7%), batata-inglesa 2\u00aa safra (0,2%), caf\u00e9 em gr\u00e3o ar\u00e1bica (3,3%), cana-de-a\u00e7\u00facar (2,5%), cebola (1,1%), cevada em gr\u00e3o (21,8%), laranja (9,3%) e mandioca (0,6%).<\/p>\n<p style=\"text-align: justify;\">Dez produtos dever\u00e3o ter queda na produ\u00e7\u00e3o, entre eles, batata-inglesa 3\u00aa safra (-12,9%), caf\u00e9 em gr\u00e3o canephora (-18,7%), feij\u00e3o em gr\u00e3o 1\u00aa safra (-9,0%), feij\u00e3o em gr\u00e3o 2\u00aa safra (-4,3%) e feij\u00e3o em gr\u00e3o 3\u00aa safra (-5,4%).<\/p>\n<p style=\"text-align: justify;\">A estimativa de agosto da \u00e1rea a ser colhida deve ser de 57,6 milh\u00f5es de hectares este ano, ou seja, um aumento de 1,9% ante a \u00e1rea colhida em 2014 (56,5 milh\u00f5es de hectares). A previs\u00e3o \u00e9 0,2% inferior \u00e0 feita em julho deste ano.<\/p>\n<p style=\"text-align: justify;\">Nesta sexta-feira, a Companhia Nacional de Abastecimento (Conab) tamb\u00e9m divulga levantamento para a safra de gr\u00e3os. A diferen\u00e7a entre os dados do IBGE e da Conab se deve aos per\u00edodos avaliados. O instituto analisa a colheita de janeiro a dezembro, enquanto a Conab se baseia no ano-safra, que vai de agosto a julho do ano seguinte.<\/p>\n<!--[if lt IE 9]><script>document.createElement('audio');<\/script><![endif]-->\n<audio class=\"wp-audio-shortcode\" id=\"audio-7766-1\" preload=\"none\" style=\"width: 100%;\" controls=\"controls\"><source type=\"audio\/mpeg\" src=\"http:\/\/www2.comunitaria.com.br\/wp-content\/uploads\/2015\/09\/IBGE_estima_aumento_de_86_na_safra_de_graos_neste_ano.mp3?_=1\" \/><a href=\"http:\/\/www2.comunitaria.com.br\/wp-content\/uploads\/2015\/09\/IBGE_estima_aumento_de_86_na_safra_de_graos_neste_ano.mp3\">http:\/\/www2.comunitaria.com.br\/wp-content\/uploads\/2015\/09\/IBGE_estima_aumento_de_86_na_safra_de_graos_neste_ano.mp3<\/a><\/audio>\n<p style=\"text-align: justify;\"><strong>EBC<\/strong><\/p>","protected":false},"excerpt":{"rendered":"<p>A safra de cereais, leguminosas e oleaginosas dever\u00e1 ser, este ano, 8,6% superior \u00e0 registrada em 2014, chegando a 210 milh\u00f5es de toneladas. O volume dever\u00e1 superar em 16,7 milh\u00f5es de toneladas o do ano anterior. A estimativa do Instituto Brasileiro de Geografia e Estat\u00edstica (IBGE), feita em agosto deste ano, \u00e9 mais otimista do<\/p>\n<div class=\"read-more-wrapper\"><a class=\"read-more\" href=\"https:\/\/www2.comunitaria.com.br\/en\/safra-de-graos-deve-ser-86-maior-neste-ano-segundo-ibge\/\" title=\"Read More\"> <span class=\"button\">Read More<\/span><\/a><\/div>","protected":false},"author":2,"featured_media":7768,"comment_status":"open","ping_status":"closed","sticky":false,"template":"","format":"standard","meta":{"ngg_post_thumbnail":0,"footnotes":""},"categories":[51,47,39,33,45],"tags":[1926,384,1637,479,1470],"class_list":["post-7766","post","type-post","status-publish","format-standard","has-post-thumbnail","hentry","category-audio","category-brasil","category-economia","category-noticias","category-rural","tag-brasil","tag-economia-2","tag-graos","tag-rural-2","tag-safra"],"amp_enabled":true,"_links":{"self":[{"href":"https:\/\/www2.comunitaria.com.br\/en\/wp-json\/wp\/v2\/posts\/7766","targetHints":{"allow":["GET"]}}],"collection":[{"href":"https:\/\/www2.comunitaria.com.br\/en\/wp-json\/wp\/v2\/posts"}],"about":[{"href":"https:\/\/www2.comunitaria.com.br\/en\/wp-json\/wp\/v2\/types\/post"}],"author":[{"embeddable":true,"href":"https:\/\/www2.comunitaria.com.br\/en\/wp-json\/wp\/v2\/users\/2"}],"replies":[{"embeddable":true,"href":"https:\/\/www2.comunitaria.com.br\/en\/wp-json\/wp\/v2\/comments?post=7766"}],"version-history":[{"count":0,"href":"https:\/\/www2.comunitaria.com.br\/en\/wp-json\/wp\/v2\/posts\/7766\/revisions"}],"wp:featuredmedia":[{"embeddable":true,"href":"https:\/\/www2.comunitaria.com.br\/en\/wp-json\/wp\/v2\/media\/7768"}],"wp:attachment":[{"href":"https:\/\/www2.comunitaria.com.br\/en\/wp-json\/wp\/v2\/media?parent=7766"}],"wp:term":[{"taxonomy":"category","embeddable":true,"href":"https:\/\/www2.comunitaria.com.br\/en\/wp-json\/wp\/v2\/categories?post=7766"},{"taxonomy":"post_tag","embeddable":true,"href":"https:\/\/www2.comunitaria.com.br\/en\/wp-json\/wp\/v2\/tags?post=7766"}],"curies":[{"name":"wp","href":"https:\/\/api.w.org\/{rel}","templated":true}]}}