{"id":7700,"date":"2015-09-10T12:47:18","date_gmt":"2015-09-10T14:47:18","guid":{"rendered":"http:\/\/www2.comunitaria.com.br\/?p=7700"},"modified":"2015-09-10T12:47:18","modified_gmt":"2015-09-10T14:47:18","slug":"lar-dos-deficientes-fisicos-promovera-atividades-em-homenagem-ao-dia-da-pessoa-com-deficiencia-fisica-e-dia-da-arvore","status":"publish","type":"post","link":"https:\/\/www2.comunitaria.com.br\/en\/lar-dos-deficientes-fisicos-promovera-atividades-em-homenagem-ao-dia-da-pessoa-com-deficiencia-fisica-e-dia-da-arvore\/","title":{"rendered":"Lar dos Deficientes F\u00edsicos promover\u00e1 atividades em homenagem ao Dia da Pessoa com Defici\u00eancia F\u00edsica e Dia da \u00c1rvore"},"content":{"rendered":"<p style=\"text-align: justify;\">O Lar dos Deficientes F\u00edsicos, em parceria com o Leo e Rotaract Clube, promover\u00e3o atividades em homenagem ao Dia da Pessoa com Defici\u00eancia F\u00edsica e Dia da \u00c1rvore. O evento ocorrer\u00e1 nos dia 19 de setembro, a partir das 8h30min na Pra\u00e7a Matriz.<\/p>\n<p style=\"text-align: justify;\">Ser\u00e3o distribu\u00eddos materiais de divulga\u00e7\u00e3o que informam a popula\u00e7\u00e3o a respeito da defici\u00eancia f\u00edsica.<\/p>\n<p style=\"text-align: justify;\">Tamb\u00e9m ser\u00e1 realizada uma atividade de conscientiza\u00e7\u00e3o ambiental, em alus\u00e3o ao Dia da \u00c1rvore, com a comercializa\u00e7\u00e3o de mudas de \u00e1rvores nativas e flores.<\/p>\n<p style=\"text-align: justify;\">O valor das mudas ser\u00e1 simb\u00f3lico, sendo que os recursos arrecadados ser\u00e3o revertidos para a manuten\u00e7\u00e3o e funcionamento do Lar dos Deficientes F\u00edsicos.<\/p>","protected":false},"excerpt":{"rendered":"<p>O Lar dos Deficientes F\u00edsicos, em parceria com o Leo e Rotaract Clube, promover\u00e3o atividades em homenagem ao Dia da Pessoa com Defici\u00eancia F\u00edsica e Dia da \u00c1rvore. O evento&#8230;<\/p>","protected":false},"author":2,"featured_media":7701,"comment_status":"open","ping_status":"closed","sticky":false,"template":"","format":"standard","meta":{"ngg_post_thumbnail":0,"footnotes":""},"categories":[42,33],"tags":[60,82,1630],"class_list":["post-7700","post","type-post","status-publish","format-standard","has-post-thumbnail","hentry","category-fred-west","category-noticias","tag-campanha","tag-frederico-westphalen","tag-lar-dos-deficientes-fisicos"],"amp_enabled":true,"_links":{"self":[{"href":"https:\/\/www2.comunitaria.com.br\/en\/wp-json\/wp\/v2\/posts\/7700","targetHints":{"allow":["GET"]}}],"collection":[{"href":"https:\/\/www2.comunitaria.com.br\/en\/wp-json\/wp\/v2\/posts"}],"about":[{"href":"https:\/\/www2.comunitaria.com.br\/en\/wp-json\/wp\/v2\/types\/post"}],"author":[{"embeddable":true,"href":"https:\/\/www2.comunitaria.com.br\/en\/wp-json\/wp\/v2\/users\/2"}],"replies":[{"embeddable":true,"href":"https:\/\/www2.comunitaria.com.br\/en\/wp-json\/wp\/v2\/comments?post=7700"}],"version-history":[{"count":0,"href":"https:\/\/www2.comunitaria.com.br\/en\/wp-json\/wp\/v2\/posts\/7700\/revisions"}],"wp:featuredmedia":[{"embeddable":true,"href":"https:\/\/www2.comunitaria.com.br\/en\/wp-json\/wp\/v2\/media\/7701"}],"wp:attachment":[{"href":"https:\/\/www2.comunitaria.com.br\/en\/wp-json\/wp\/v2\/media?parent=7700"}],"wp:term":[{"taxonomy":"category","embeddable":true,"href":"https:\/\/www2.comunitaria.com.br\/en\/wp-json\/wp\/v2\/categories?post=7700"},{"taxonomy":"post_tag","embeddable":true,"href":"https:\/\/www2.comunitaria.com.br\/en\/wp-json\/wp\/v2\/tags?post=7700"}],"curies":[{"name":"wp","href":"https:\/\/api.w.org\/{rel}","templated":true}]}}