{"id":7674,"date":"2015-09-10T10:55:44","date_gmt":"2015-09-10T12:55:44","guid":{"rendered":"http:\/\/www2.comunitaria.com.br\/?p=7674"},"modified":"2015-09-10T11:07:32","modified_gmt":"2015-09-10T13:07:32","slug":"cancer-saiba-mais-sobre-a-doenca-que-mata-milhares-de-brasileiros-por-ano","status":"publish","type":"post","link":"https:\/\/www2.comunitaria.com.br\/en\/cancer-saiba-mais-sobre-a-doenca-que-mata-milhares-de-brasileiros-por-ano\/","title":{"rendered":"C\u00c2NCER: Saiba mais sobre a doen\u00e7a que mata milhares de brasileiros por ano"},"content":{"rendered":"<p>De acordo com o Instituto Nacional do C\u00e2ncer, at\u00e9 o final do ano, s\u00e3o estimados mais de 500 mil novos casos de c\u00e2ncer no Brasil. O dist\u00farbio \u00e9 um conjunto de doen\u00e7as que se desenvolvem de maneira desordenada no organismo, causa tumores nos \u00f3rg\u00e3os do corpo e pode levar a morte. As causas s\u00e3o variadas. Por isso , muitos brasileiros t\u00eam algumas d\u00favidas.<\/p>\n<audio class=\"wp-audio-shortcode\" id=\"audio-7674-1\" preload=\"none\" style=\"width: 100%;\" controls=\"controls\"><source type=\"audio\/mpeg\" src=\"http:\/\/www2.comunitaria.com.br\/wp-content\/uploads\/2015\/09\/014.mp3?_=1\" \/><a href=\"http:\/\/www2.comunitaria.com.br\/wp-content\/uploads\/2015\/09\/014.mp3\">http:\/\/www2.comunitaria.com.br\/wp-content\/uploads\/2015\/09\/014.mp3<\/a><\/audio>","protected":false},"excerpt":{"rendered":"<p>De acordo com o Instituto Nacional do C\u00e2ncer, at\u00e9 o final do ano, s\u00e3o estimados mais de 500 mil novos casos de c\u00e2ncer no Brasil. O dist\u00farbio \u00e9 um conjunto&#8230;<\/p>","protected":false},"author":2,"featured_media":7686,"comment_status":"open","ping_status":"closed","sticky":false,"template":"","format":"standard","meta":{"ngg_post_thumbnail":0,"footnotes":""},"categories":[51,47,33,37],"tags":[1628],"class_list":["post-7674","post","type-post","status-publish","format-standard","has-post-thumbnail","hentry","category-audio","category-brasil","category-noticias","category-saude","tag-cancer"],"amp_enabled":true,"_links":{"self":[{"href":"https:\/\/www2.comunitaria.com.br\/en\/wp-json\/wp\/v2\/posts\/7674","targetHints":{"allow":["GET"]}}],"collection":[{"href":"https:\/\/www2.comunitaria.com.br\/en\/wp-json\/wp\/v2\/posts"}],"about":[{"href":"https:\/\/www2.comunitaria.com.br\/en\/wp-json\/wp\/v2\/types\/post"}],"author":[{"embeddable":true,"href":"https:\/\/www2.comunitaria.com.br\/en\/wp-json\/wp\/v2\/users\/2"}],"replies":[{"embeddable":true,"href":"https:\/\/www2.comunitaria.com.br\/en\/wp-json\/wp\/v2\/comments?post=7674"}],"version-history":[{"count":0,"href":"https:\/\/www2.comunitaria.com.br\/en\/wp-json\/wp\/v2\/posts\/7674\/revisions"}],"wp:featuredmedia":[{"embeddable":true,"href":"https:\/\/www2.comunitaria.com.br\/en\/wp-json\/wp\/v2\/media\/7686"}],"wp:attachment":[{"href":"https:\/\/www2.comunitaria.com.br\/en\/wp-json\/wp\/v2\/media?parent=7674"}],"wp:term":[{"taxonomy":"category","embeddable":true,"href":"https:\/\/www2.comunitaria.com.br\/en\/wp-json\/wp\/v2\/categories?post=7674"},{"taxonomy":"post_tag","embeddable":true,"href":"https:\/\/www2.comunitaria.com.br\/en\/wp-json\/wp\/v2\/tags?post=7674"}],"curies":[{"name":"wp","href":"https:\/\/api.w.org\/{rel}","templated":true}]}}