{"id":7457,"date":"2015-09-06T20:16:42","date_gmt":"2015-09-06T22:16:42","guid":{"rendered":"http:\/\/www2.comunitaria.com.br\/?p=7457"},"modified":"2015-09-06T20:16:42","modified_gmt":"2015-09-06T22:16:42","slug":"cpers-e-familiares-de-policias-militares-realizam-ato-de-aquartelamento-em-frente-ao-37o-bpm","status":"publish","type":"post","link":"https:\/\/www2.comunitaria.com.br\/en\/cpers-e-familiares-de-policias-militares-realizam-ato-de-aquartelamento-em-frente-ao-37o-bpm\/","title":{"rendered":"CPERS e familiares de policias militares realizam ato de aquartelamento em frente ao 37\u00ba BPM"},"content":{"rendered":"<p style=\"text-align: justify;\">Familiares e professores realizam ato de aquartelamento em frente a Brigada Militar de Frederico Westphalen, na noite deste domingo, 6, devido ao parcelamento de\u00a0sal\u00e1rios dos servidores p\u00fablicos.<\/p>\n<p style=\"text-align: justify;\">O CPERS (Centro dos Professores do Estado do Rio Grande do Sul),\u00a0apoia os familiares e formam um grupo de mais de trinta pessoas\u00a0que realizam protesto contra o parcelamento de sal\u00e1rio. Os manifestantes\u00a0procuram evitar que as\u00a0viaturas do quartel e os policiais militares saiam para a rua, salvo casos graves.<\/p>\n<p style=\"text-align: justify;\">Izabel Mezzaroba, esposa de um dos policiais, comenta sobre a manifesta\u00e7\u00e3o:<\/p>\n<audio class=\"wp-audio-shortcode\" id=\"audio-7457-1\" preload=\"none\" style=\"width: 100%;\" controls=\"controls\"><source type=\"audio\/mpeg\" src=\"http:\/\/www2.comunitaria.com.br\/wp-content\/uploads\/2015\/09\/Izabel.mp3?_=1\" \/><a href=\"http:\/\/www2.comunitaria.com.br\/wp-content\/uploads\/2015\/09\/Izabel.mp3\">http:\/\/www2.comunitaria.com.br\/wp-content\/uploads\/2015\/09\/Izabel.mp3<\/a><\/audio>\n<p>Paulo Groff, presidente da Associa\u00e7\u00e3o dos Docentes da UERGS, tamb\u00e9m ressalta a import\u00e2ncia do ato e a parceria dos demais servidores p\u00fablicos:<\/p>\n<audio class=\"wp-audio-shortcode\" id=\"audio-7457-2\" preload=\"none\" style=\"width: 100%;\" controls=\"controls\"><source type=\"audio\/mpeg\" src=\"http:\/\/www2.comunitaria.com.br\/wp-content\/uploads\/2015\/09\/Paulo.mp3?_=2\" \/><a href=\"http:\/\/www2.comunitaria.com.br\/wp-content\/uploads\/2015\/09\/Paulo.mp3\">http:\/\/www2.comunitaria.com.br\/wp-content\/uploads\/2015\/09\/Paulo.mp3<\/a><\/audio>\n<p>A manifesta\u00e7\u00e3o\u00a0deve se estender durante a noite, sem hora prevista para t\u00e9rmino.<\/p>","protected":false},"excerpt":{"rendered":"<p>Familiares e professores realizam ato de aquartelamento em frente a Brigada Militar de Frederico Westphalen, na noite deste domingo, 6, devido ao parcelamento de\u00a0sal\u00e1rios dos servidores p\u00fablicos. O CPERS (Centro&#8230;<\/p>","protected":false},"author":2,"featured_media":7460,"comment_status":"open","ping_status":"closed","sticky":false,"template":"","format":"standard","meta":{"ngg_post_thumbnail":0,"footnotes":""},"categories":[51,46,42,28,33,36],"tags":[1610,519,1611,177],"class_list":["post-7457","post","type-post","status-publish","format-standard","has-post-thumbnail","hentry","category-audio","category-estado","category-fred-west","category-destaque","category-noticias","category-policia","tag-aquartelamento","tag-estado-2","tag-parcelamento-de-salario","tag-policia-2"],"amp_enabled":true,"_links":{"self":[{"href":"https:\/\/www2.comunitaria.com.br\/en\/wp-json\/wp\/v2\/posts\/7457","targetHints":{"allow":["GET"]}}],"collection":[{"href":"https:\/\/www2.comunitaria.com.br\/en\/wp-json\/wp\/v2\/posts"}],"about":[{"href":"https:\/\/www2.comunitaria.com.br\/en\/wp-json\/wp\/v2\/types\/post"}],"author":[{"embeddable":true,"href":"https:\/\/www2.comunitaria.com.br\/en\/wp-json\/wp\/v2\/users\/2"}],"replies":[{"embeddable":true,"href":"https:\/\/www2.comunitaria.com.br\/en\/wp-json\/wp\/v2\/comments?post=7457"}],"version-history":[{"count":0,"href":"https:\/\/www2.comunitaria.com.br\/en\/wp-json\/wp\/v2\/posts\/7457\/revisions"}],"wp:featuredmedia":[{"embeddable":true,"href":"https:\/\/www2.comunitaria.com.br\/en\/wp-json\/wp\/v2\/media\/7460"}],"wp:attachment":[{"href":"https:\/\/www2.comunitaria.com.br\/en\/wp-json\/wp\/v2\/media?parent=7457"}],"wp:term":[{"taxonomy":"category","embeddable":true,"href":"https:\/\/www2.comunitaria.com.br\/en\/wp-json\/wp\/v2\/categories?post=7457"},{"taxonomy":"post_tag","embeddable":true,"href":"https:\/\/www2.comunitaria.com.br\/en\/wp-json\/wp\/v2\/tags?post=7457"}],"curies":[{"name":"wp","href":"https:\/\/api.w.org\/{rel}","templated":true}]}}