{"id":7407,"date":"2015-09-04T12:46:22","date_gmt":"2015-09-04T14:46:22","guid":{"rendered":"http:\/\/www2.comunitaria.com.br\/?p=7407"},"modified":"2015-09-04T12:46:22","modified_gmt":"2015-09-04T14:46:22","slug":"apresentadas-alteracoes-no-regimento-interno-do-conselho-municipal-do-meio-ambiente","status":"publish","type":"post","link":"https:\/\/www2.comunitaria.com.br\/en\/apresentadas-alteracoes-no-regimento-interno-do-conselho-municipal-do-meio-ambiente\/","title":{"rendered":"Apresentadas altera\u00e7\u00f5es no regimento interno do Conselho Municipal do Meio Ambiente"},"content":{"rendered":"<p style=\"text-align: justify;\">Os membros do Conselho Municipal de Meio Ambiente (Consemma), de Frederico Westphalen, estiveram reunidos, na manh\u00e3 desta sexta-feira, 4, na sala de reuni\u00f5es da prefeitura, para acompanhar e discutir assuntos relacionados ao conselho e tamb\u00e9m a quest\u00f5es referentes ao meio ambiente do munic\u00edpio. Na ocasi\u00e3o, os integrantes da Secretaria de Meio Ambiente (Sema), do munic\u00edpio, expuseram a plen\u00e1ria as novas considera\u00e7\u00f5es feitas no regimento interno do conselho. O regimento, que teve as novas considera\u00e7\u00f5es aprovadas por unanimidade entre os conselheiros, ser\u00e1 encaminhado ao Poder Judici\u00e1rio para novas corre\u00e7\u00f5es e, ser\u00e1 publicado, posteriormente.<\/p>\n<p style=\"text-align: justify;\">Na oportunidade, tamb\u00e9m foi realizada a forma\u00e7\u00e3o de uma comiss\u00e3o de c\u00e2mera t\u00e9cnica para avaliar, especificamente, um caso de infra\u00e7\u00e3o ambiental ocorrido no munic\u00edpio. A comiss\u00e3o, composta por tr\u00eas membros, dar\u00e1 seu parecer t\u00e9cnico embasado nas legisla\u00e7\u00f5es ambientais. Foram escolhidos como membros da c\u00e2mera t\u00e9cnica: Rafaelo Balbinot, representando o Conselho Regional de Engenharia e Agronomia (Crea\/RS); Eli Maria Teixeira, representando o Conselho Regional de Biologia (CRBIO 03); e Aline Ferr\u00e3o Cust\u00f3dio Passini, representando a Universidade Federal de Santa Maria campus Frederico Westphalen (UFSM\/FW). Al\u00e9m disso, ficou acordado entre a plen\u00e1ria que Bruno Cancian Cocco, representante da Ordem dos Advogados do Brasil \u2013 Subse\u00e7\u00e3o de Frederico Westphalen (OAB\/FW), exercer\u00e1 a fun\u00e7\u00e3o de assistente jur\u00eddico da c\u00e2mera t\u00e9cnica.<\/p>\n<p><strong>O Alto Uruguai\/Bruna Perazzoli<\/strong><\/p>","protected":false},"excerpt":{"rendered":"<p>Os membros do Conselho Municipal de Meio Ambiente (Consemma), de Frederico Westphalen, estiveram reunidos, na manh\u00e3 desta sexta-feira, 4, na sala de reuni\u00f5es da prefeitura, para acompanhar e discutir assuntos&#8230;<\/p>","protected":false},"author":2,"featured_media":7408,"comment_status":"open","ping_status":"closed","sticky":false,"template":"","format":"standard","meta":{"ngg_post_thumbnail":0,"footnotes":""},"categories":[42,33],"tags":[1606,838,1026],"class_list":["post-7407","post","type-post","status-publish","format-standard","has-post-thumbnail","hentry","category-fred-west","category-noticias","tag-conselho-municipal-do-meio-ambiente","tag-fw","tag-meio-ambiente"],"amp_enabled":true,"_links":{"self":[{"href":"https:\/\/www2.comunitaria.com.br\/en\/wp-json\/wp\/v2\/posts\/7407","targetHints":{"allow":["GET"]}}],"collection":[{"href":"https:\/\/www2.comunitaria.com.br\/en\/wp-json\/wp\/v2\/posts"}],"about":[{"href":"https:\/\/www2.comunitaria.com.br\/en\/wp-json\/wp\/v2\/types\/post"}],"author":[{"embeddable":true,"href":"https:\/\/www2.comunitaria.com.br\/en\/wp-json\/wp\/v2\/users\/2"}],"replies":[{"embeddable":true,"href":"https:\/\/www2.comunitaria.com.br\/en\/wp-json\/wp\/v2\/comments?post=7407"}],"version-history":[{"count":0,"href":"https:\/\/www2.comunitaria.com.br\/en\/wp-json\/wp\/v2\/posts\/7407\/revisions"}],"wp:featuredmedia":[{"embeddable":true,"href":"https:\/\/www2.comunitaria.com.br\/en\/wp-json\/wp\/v2\/media\/7408"}],"wp:attachment":[{"href":"https:\/\/www2.comunitaria.com.br\/en\/wp-json\/wp\/v2\/media?parent=7407"}],"wp:term":[{"taxonomy":"category","embeddable":true,"href":"https:\/\/www2.comunitaria.com.br\/en\/wp-json\/wp\/v2\/categories?post=7407"},{"taxonomy":"post_tag","embeddable":true,"href":"https:\/\/www2.comunitaria.com.br\/en\/wp-json\/wp\/v2\/tags?post=7407"}],"curies":[{"name":"wp","href":"https:\/\/api.w.org\/{rel}","templated":true}]}}