{"id":7371,"date":"2015-09-03T16:49:13","date_gmt":"2015-09-03T18:49:13","guid":{"rendered":"http:\/\/www2.comunitaria.com.br\/?p=7371"},"modified":"2015-09-03T16:49:13","modified_gmt":"2015-09-03T18:49:13","slug":"senado-aprova-fim-do-financiamento-empresarial-de-campanhas-eleitorais","status":"publish","type":"post","link":"https:\/\/www2.comunitaria.com.br\/en\/senado-aprova-fim-do-financiamento-empresarial-de-campanhas-eleitorais\/","title":{"rendered":"Senado aprova fim do financiamento empresarial de campanhas eleitorais"},"content":{"rendered":"<p>O fim do financiamento empresarial de campanhas eleitorais foi aprovado pelo senado (PLC n\u00ba 75\/2015) nesta quarta-feira (03). As doa\u00e7\u00f5es s\u00f3 v\u00e3o poder ser feitas por pessoas f\u00edsicas. O eleitor, se assim o desejar, poder\u00e1 doar recursos para bancar as disputas eleitorais no limite do rendimento recebido no ano anterior. Segundo o relator da mat\u00e9ria no Plen\u00e1rio, senador Romero Juc\u00e1 (PMDB \u2013 RR), essa limita\u00e7\u00e3o \u00e9 necess\u00e1ria para que o doador n\u00e3o fa\u00e7a empr\u00e9stimos ou retire os recursos que tem na poupan\u00e7a para fazer a doa\u00e7\u00e3o.<\/p>\n<p>A proposta aprovada pelo Senado tamb\u00e9m muda os debates eleitorais. A partir de 2020, s\u00f3 ter\u00e1 presen\u00e7a garantida o candidato de partido que tiver pelo menos nove deputados federais. E para tornar as campanhas mais baratas, h\u00e1 uma limita\u00e7\u00e3o para os gastos.<\/p>\n<!--[if lt IE 9]><script>document.createElement('audio');<\/script><![endif]-->\n<audio class=\"wp-audio-shortcode\" id=\"audio-7371-1\" preload=\"none\" style=\"width: 100%;\" controls=\"controls\"><source type=\"audio\/mpeg\" src=\"http:\/\/www2.comunitaria.com.br\/wp-content\/uploads\/2015\/09\/financiamento.mp3?_=1\" \/><a href=\"http:\/\/www2.comunitaria.com.br\/wp-content\/uploads\/2015\/09\/financiamento.mp3\">http:\/\/www2.comunitaria.com.br\/wp-content\/uploads\/2015\/09\/financiamento.mp3<\/a><\/audio>","protected":false},"excerpt":{"rendered":"<p>O fim do financiamento empresarial de campanhas eleitorais foi aprovado pelo senado (PLC n\u00ba 75\/2015) nesta quarta-feira (03). As doa\u00e7\u00f5es s\u00f3 v\u00e3o poder ser feitas por pessoas f\u00edsicas. O eleitor, se assim o desejar, poder\u00e1 doar recursos para bancar as disputas eleitorais no limite do rendimento recebido no ano anterior. Segundo o relator da mat\u00e9ria<\/p>\n<div class=\"read-more-wrapper\"><a class=\"read-more\" href=\"https:\/\/www2.comunitaria.com.br\/en\/senado-aprova-fim-do-financiamento-empresarial-de-campanhas-eleitorais\/\" title=\"Read More\"> <span class=\"button\">Read More<\/span><\/a><\/div>","protected":false},"author":2,"featured_media":7373,"comment_status":"open","ping_status":"closed","sticky":false,"template":"","format":"standard","meta":{"ngg_post_thumbnail":0,"footnotes":""},"categories":[51,47,33,38],"tags":[],"class_list":["post-7371","post","type-post","status-publish","format-standard","has-post-thumbnail","hentry","category-audio","category-brasil","category-noticias","category-politica"],"amp_enabled":true,"_links":{"self":[{"href":"https:\/\/www2.comunitaria.com.br\/en\/wp-json\/wp\/v2\/posts\/7371","targetHints":{"allow":["GET"]}}],"collection":[{"href":"https:\/\/www2.comunitaria.com.br\/en\/wp-json\/wp\/v2\/posts"}],"about":[{"href":"https:\/\/www2.comunitaria.com.br\/en\/wp-json\/wp\/v2\/types\/post"}],"author":[{"embeddable":true,"href":"https:\/\/www2.comunitaria.com.br\/en\/wp-json\/wp\/v2\/users\/2"}],"replies":[{"embeddable":true,"href":"https:\/\/www2.comunitaria.com.br\/en\/wp-json\/wp\/v2\/comments?post=7371"}],"version-history":[{"count":0,"href":"https:\/\/www2.comunitaria.com.br\/en\/wp-json\/wp\/v2\/posts\/7371\/revisions"}],"wp:featuredmedia":[{"embeddable":true,"href":"https:\/\/www2.comunitaria.com.br\/en\/wp-json\/wp\/v2\/media\/7373"}],"wp:attachment":[{"href":"https:\/\/www2.comunitaria.com.br\/en\/wp-json\/wp\/v2\/media?parent=7371"}],"wp:term":[{"taxonomy":"category","embeddable":true,"href":"https:\/\/www2.comunitaria.com.br\/en\/wp-json\/wp\/v2\/categories?post=7371"},{"taxonomy":"post_tag","embeddable":true,"href":"https:\/\/www2.comunitaria.com.br\/en\/wp-json\/wp\/v2\/tags?post=7371"}],"curies":[{"name":"wp","href":"https:\/\/api.w.org\/{rel}","templated":true}]}}