{"id":73460,"date":"2026-09-04T15:55:17","date_gmt":"2026-09-04T17:55:17","guid":{"rendered":"https:\/\/www2.comunitaria.com.br\/?p=73460"},"modified":"2026-09-04T15:55:17","modified_gmt":"2026-09-04T17:55:17","slug":"clube-magia-soma-12-resultados-de-podio-nos-tres-primeiros-dias-da-copa-oeste","status":"publish","type":"post","link":"https:\/\/www2.comunitaria.com.br\/en\/clube-magia-soma-12-resultados-de-podio-nos-tres-primeiros-dias-da-copa-oeste\/","title":{"rendered":"Clube Magia soma 12 resultados de p\u00f3dio nos tr\u00eas primeiros dias da Copa Oeste"},"content":{"rendered":"<p>O Clube Magia da Patina\u00e7\u00e3o j\u00e1 soma 12 resultados de p\u00f3dio nos tr\u00eas primeiros dias de participa\u00e7\u00e3o na Copa Oeste de Patina\u00e7\u00e3o Art\u00edstica, em Saudades (SC). A equipe, que conta com 52 atletas na competi\u00e7\u00e3o e \u00e9 o \u00fanico clube representante do Rio Grande do Sul, conquistou cinco primeiros lugares, al\u00e9m de segundos, terceiros e quartos lugares nas disputas individuais e coletivas.<\/p>\n<p>Os primeiros resultados vieram na ter\u00e7a-feira (1\u00ba), quando seis atletas do Magia entraram em pista. Gian Lucca Cocco conquistou o primeiro lugar na Classe Nacional \u2013 Livre \u2013 N\u00edvel 1 \u2013 Cadete Masculino, com 17,59 pontos. Na categoria S\u00eanior Masculino, Yuri da Silva ficou em segundo lugar, com 17,32 pontos.<\/p>\n<p>Na Classe Nacional \u2013 Livre \u2013 N\u00edvel 2 \u2013 J\u00fanior Feminino, o Magia garantiu duas posi\u00e7\u00f5es entre os primeiros colocados. Amanda Kuviatosz da Silva ficou em primeiro lugar, com 19,82 pontos, enquanto Valentina Bassani Albarello terminou em segundo, com 17,67 pontos.<\/p>\n<p>Tamb\u00e9m na ter\u00e7a-feira, Enzo Gabriel Cocco conquistou o primeiro lugar na Classe Aspirantes \u2013 Livre \u2013 Tots Masculino, com 16,42 pontos. Luiza Cauduro Barro terminou na quarta coloca\u00e7\u00e3o da Classe Nacional \u2013 Livre \u2013 N\u00edvel 1 \u2013 S\u00eanior Feminino, com 19,84 pontos.<\/p>\n<p>Na quarta-feira (2), os resultados continuaram nas categorias individuais e nos Grupos de Show. Lara Gazola conquistou o segundo lugar na categoria Aprendiz \u2013 Livre \u2013 12 e 13 anos \u2013 Infantil Feminino, com 11,58 pontos. Na mesma categoria, L\u00edvia Muraro Cocco ficou em terceiro lugar, com 10,81 pontos.<\/p>\n<p>Na categoria Novatos \u2013 Livre \u2013 Pr\u00e9-Tots \u2013 Feminino \u2013 Grupo B, Mari\u00e1h Moreira terminou em quarto lugar, com 5,80 pontos.<\/p>\n<p>Nas disputas coletivas, o Magia conquistou dois t\u00edtulos. O Grupo Dourada, na categoria Infantil, ficou em primeiro lugar, com 15,42 pontos. J\u00e1 o Grupo Ouro, da categoria J\u00fanior, tamb\u00e9m conquistou a primeira coloca\u00e7\u00e3o, com 18,05 pontos.<\/p>\n<p>O terceiro dia de competi\u00e7\u00e3o, na quinta-feira (3), teve a participa\u00e7\u00e3o de Raquel Mazzutti, que garantiu o &nbsp;primeiro lugar,&nbsp; na categoria Novatos \u2013 Livre \u2013 Infantil \u2013 Feminino \u2013 Grupo B, com 6,41 pontos.<\/p>\n<p>Com os resultados dos tr\u00eas primeiros dias, o Magia acumula cinco primeiros lugares, dois segundos, um terceiro e quatro quartos lugares, totalizando 12 classifica\u00e7\u00f5es de destaque na competi\u00e7\u00e3o.<\/p>\n<p>A participa\u00e7\u00e3o do Clube Magia, no entanto, ainda n\u00e3o terminou. A Copa Oeste segue at\u00e9 domingo (6), com novos atletas do clube entrando em pista nos pr\u00f3ximos dias. Entre as disputas previstas est\u00e3o o Programa Longo e o Free Dance de Bernardo Folle, na sequ\u00eancia das apresenta\u00e7\u00f5es individuais, al\u00e9m das categorias Iniciantes e B\u00e1sico, do Quarteto \u2013 Classe Nacional S\u00eanior \u2013 Aberto e da Dupla Mista formada por Enzo Gabriel Cocco e Mari\u00e1h Moreira.<\/p>\n<p>A expectativa \u00e9 de que a equipe ainda tenha novos resultados ao longo dos \u00faltimos dias de competi\u00e7\u00e3o. Ao todo, a Copa Oeste re\u00fane 1.164 atletas de 39 clubes de Santa Catarina, al\u00e9m do Clube Magia, \u00fanico representante do Rio Grande do Sul.<\/p>\n<p>Com quatro dias de programa\u00e7\u00e3o ainda pela frente, a delega\u00e7\u00e3o do Magia segue em Saudades para dar continuidade \u00e0 participa\u00e7\u00e3o na competi\u00e7\u00e3o e representar o clube nas diferentes modalidades da patina\u00e7\u00e3o art\u00edstica.<\/p>","protected":false},"excerpt":{"rendered":"<p>O Clube Magia da Patina\u00e7\u00e3o j\u00e1 soma 12 resultados de p\u00f3dio nos tr\u00eas primeiros dias de participa\u00e7\u00e3o na Copa Oeste de Patina\u00e7\u00e3o Art\u00edstica, em Saudades (SC). A equipe, que conta&#8230;<\/p>","protected":false},"author":2,"featured_media":73461,"comment_status":"closed","ping_status":"closed","sticky":false,"template":"","format":"standard","meta":{"ngg_post_thumbnail":0,"footnotes":""},"categories":[42,28,33],"tags":[],"class_list":["post-73460","post","type-post","status-publish","format-standard","has-post-thumbnail","hentry","category-fred-west","category-destaque","category-noticias"],"amp_enabled":true,"_links":{"self":[{"href":"https:\/\/www2.comunitaria.com.br\/en\/wp-json\/wp\/v2\/posts\/73460","targetHints":{"allow":["GET"]}}],"collection":[{"href":"https:\/\/www2.comunitaria.com.br\/en\/wp-json\/wp\/v2\/posts"}],"about":[{"href":"https:\/\/www2.comunitaria.com.br\/en\/wp-json\/wp\/v2\/types\/post"}],"author":[{"embeddable":true,"href":"https:\/\/www2.comunitaria.com.br\/en\/wp-json\/wp\/v2\/users\/2"}],"replies":[{"embeddable":true,"href":"https:\/\/www2.comunitaria.com.br\/en\/wp-json\/wp\/v2\/comments?post=73460"}],"version-history":[{"count":0,"href":"https:\/\/www2.comunitaria.com.br\/en\/wp-json\/wp\/v2\/posts\/73460\/revisions"}],"wp:featuredmedia":[{"embeddable":true,"href":"https:\/\/www2.comunitaria.com.br\/en\/wp-json\/wp\/v2\/media\/73461"}],"wp:attachment":[{"href":"https:\/\/www2.comunitaria.com.br\/en\/wp-json\/wp\/v2\/media?parent=73460"}],"wp:term":[{"taxonomy":"category","embeddable":true,"href":"https:\/\/www2.comunitaria.com.br\/en\/wp-json\/wp\/v2\/categories?post=73460"},{"taxonomy":"post_tag","embeddable":true,"href":"https:\/\/www2.comunitaria.com.br\/en\/wp-json\/wp\/v2\/tags?post=73460"}],"curies":[{"name":"wp","href":"https:\/\/api.w.org\/{rel}","templated":true}]}}