{"id":73453,"date":"2026-09-04T12:11:01","date_gmt":"2026-09-04T14:11:01","guid":{"rendered":"https:\/\/www2.comunitaria.com.br\/?p=73453"},"modified":"2026-09-04T12:11:01","modified_gmt":"2026-09-04T14:11:01","slug":"rio-dos-indios-leva-atendimento-preventivo-e-multiprofissional-a-comunidade-de-sao-valentim","status":"publish","type":"post","link":"https:\/\/www2.comunitaria.com.br\/en\/rio-dos-indios-leva-atendimento-preventivo-e-multiprofissional-a-comunidade-de-sao-valentim\/","title":{"rendered":"Rio dos \u00cdndios leva atendimento preventivo e multiprofissional \u00e0 comunidade de S\u00e3o Valentim"},"content":{"rendered":"<div class=\"tituloAuxiliar\"><em>A\u00e7\u00e3o do Programa Sa\u00fade em A\u00e7\u00e3o reuniu fisioterapeuta, nutricionista, psic\u00f3loga e assistente social para refor\u00e7ar o acompanhamento em sa\u00fade p\u00fablica no interior<\/em><\/div>\n<div>\n<div class=\"html\">\n<p>O Governo Municipal de Rio dos \u00cdndios, por meio da Secretaria Municipal de Sa\u00fade, promoveu mais uma etapa do programa &#8220;Sa\u00fade em A\u00e7\u00e3o&#8221;, contemplando os moradores da comunidade rural de S\u00e3o Valentim. A iniciativa descentraliza os atendimentos do SUS e busca intensificar o acompanhamento preventivo das fam\u00edlias fora da sede do munic\u00edpio.<\/p>\n<p><strong>Equipe multiprofissional e atendimento integrado<\/strong><\/p>\n<p>A atividade contou com a presen\u00e7a da fisioterapeuta Fabiula e dos profissionais do grupo Acompanha RAPS, composto pela nutricionista Fl\u00e1via, pela psic\u00f3loga Jucelia e pela assistente social D\u00e9bora, sob a coordena\u00e7\u00e3o de Elizangela Vassoler. O grupo prestou orienta\u00e7\u00f5es t\u00e9cnicas, avalia\u00e7\u00f5es individuais e suporte multiprofissional focado em preven\u00e7\u00e3o de agravos e assist\u00eancia comunit\u00e1ria.<\/p>\n<p><strong>Fortalecimento da preven\u00e7\u00e3o e proximidade<\/strong><\/p>\n<p>O vice-prefeito e secret\u00e1rio municipal de Sa\u00fade, Vanderlei Pinto, enfatizou que o objetivo do projeto \u00e9 aproximar os servi\u00e7os essenciais de sa\u00fade de todas as localidades do munic\u00edpio. Segundo o gestor, o contato direto das equipes com as comunidades rurais fortalece a pol\u00edtica de preven\u00e7\u00e3o e permite mapear com maior precis\u00e3o as necessidades locais de acolhimento e assist\u00eancia.<\/p>\n<\/div>\n<div class=\"fonte\"><em>Fonte: Ramon Mendes &#8211; Jornalismo R\u00e1dio Ametista \/ ASCOM &#8211; Prefeitura Municipal de Rio dos \u00cdndios<\/em><\/div>\n<\/div>\n<div class=\"data d-md-flex h-100 justify-content-evenly\">&nbsp;<\/div>","protected":false},"excerpt":{"rendered":"<p>A\u00e7\u00e3o do Programa Sa\u00fade em A\u00e7\u00e3o reuniu fisioterapeuta, nutricionista, psic\u00f3loga e assistente social para refor\u00e7ar o acompanhamento em sa\u00fade p\u00fablica no interior O Governo Municipal de Rio dos \u00cdndios, por&#8230;<\/p>","protected":false},"author":2,"featured_media":73454,"comment_status":"closed","ping_status":"closed","sticky":false,"template":"","format":"standard","meta":{"ngg_post_thumbnail":0,"footnotes":""},"categories":[28,33,43],"tags":[],"class_list":["post-73453","post","type-post","status-publish","format-standard","has-post-thumbnail","hentry","category-destaque","category-noticias","category-regiao"],"amp_enabled":true,"_links":{"self":[{"href":"https:\/\/www2.comunitaria.com.br\/en\/wp-json\/wp\/v2\/posts\/73453","targetHints":{"allow":["GET"]}}],"collection":[{"href":"https:\/\/www2.comunitaria.com.br\/en\/wp-json\/wp\/v2\/posts"}],"about":[{"href":"https:\/\/www2.comunitaria.com.br\/en\/wp-json\/wp\/v2\/types\/post"}],"author":[{"embeddable":true,"href":"https:\/\/www2.comunitaria.com.br\/en\/wp-json\/wp\/v2\/users\/2"}],"replies":[{"embeddable":true,"href":"https:\/\/www2.comunitaria.com.br\/en\/wp-json\/wp\/v2\/comments?post=73453"}],"version-history":[{"count":0,"href":"https:\/\/www2.comunitaria.com.br\/en\/wp-json\/wp\/v2\/posts\/73453\/revisions"}],"wp:featuredmedia":[{"embeddable":true,"href":"https:\/\/www2.comunitaria.com.br\/en\/wp-json\/wp\/v2\/media\/73454"}],"wp:attachment":[{"href":"https:\/\/www2.comunitaria.com.br\/en\/wp-json\/wp\/v2\/media?parent=73453"}],"wp:term":[{"taxonomy":"category","embeddable":true,"href":"https:\/\/www2.comunitaria.com.br\/en\/wp-json\/wp\/v2\/categories?post=73453"},{"taxonomy":"post_tag","embeddable":true,"href":"https:\/\/www2.comunitaria.com.br\/en\/wp-json\/wp\/v2\/tags?post=73453"}],"curies":[{"name":"wp","href":"https:\/\/api.w.org\/{rel}","templated":true}]}}