{"id":73427,"date":"2026-09-02T13:49:41","date_gmt":"2026-09-02T15:49:41","guid":{"rendered":"https:\/\/www2.comunitaria.com.br\/?p=73427"},"modified":"2026-09-02T13:49:41","modified_gmt":"2026-09-02T15:49:41","slug":"sicredi-conexao-reforca-engajamento-local-com-acoes-do-dia-c","status":"publish","type":"post","link":"https:\/\/www2.comunitaria.com.br\/en\/sicredi-conexao-reforca-engajamento-local-com-acoes-do-dia-c\/","title":{"rendered":"Sicredi Conex\u00e3o refor\u00e7a engajamento local com a\u00e7\u00f5es do Dia C"},"content":{"rendered":"<p><em>Iniciativas realizadas em toda a \u00e1rea de atua\u00e7\u00e3o da Cooperativa promoveram solidariedade, cidadania e participa\u00e7\u00e3o nas comunidades<\/em><\/p>\n<p>Com o prop\u00f3sito de refor\u00e7ar o seu compromisso com o desenvolvimento das comunidades onde est\u00e1 inserida, a Sicredi Conex\u00e3o esteve mobilizada em diferentes iniciativas no dia 29, data que marcou o Dia de Cooperar (Dia C). Al\u00e9m de<br \/>\ncolaboradores, estiveram envolvidos entidades e parceiros locais, al\u00e9m da intercoopera\u00e7\u00e3o com as demais cooperativas de cada regi\u00e3o.<\/p>\n<p>As atividades foram desenvolvidas de acordo com as caracter\u00edsticas e necessidades de cada comunidade, envolvendo iniciativas de solidariedade, educa\u00e7\u00e3o e cidadania, sa\u00fade e bem-estar, sustentabilidade, conviv\u00eancia e inclus\u00e3o social. Entre elas estiveram arrecada\u00e7\u00f5es e doa\u00e7\u00f5es, iniciativas voltadas \u00e0 sa\u00fade, pr\u00e1ticas esportivas, cuidado com espa\u00e7os p\u00fablicos e atividades junto a crian\u00e7as, idosos e entidades locais.<\/p>\n<p>Para o gerente de Relacionamento da Sicredi Conex\u00e3o, Fernando Buriol, a mobiliza\u00e7\u00e3o \u00e9 uma oportunidade de colocar em pr\u00e1tica valores do cooperativismo e incentivar a atua\u00e7\u00e3o volunt\u00e1ria nas comunidades.<\/p>\n<p>\u2013 O Dia C evidencia a capacidade que temos de mobilizar pessoas em torno de iniciativas que fazem diferen\u00e7a nas comunidades. Cada localidade possui suas caracter\u00edsticas e necessidades e, por isso, as a\u00e7\u00f5es tamb\u00e9m assumem diferentes formatos. O que conecta todas elas \u00e9 o envolvimento volunt\u00e1rio e a disposi\u00e7\u00e3o de contribuir. Quando cooperativas, entidades, parceiros e volunt\u00e1rios se unem, fortalecemos rela\u00e7\u00f5es e mostramos, na pr\u00e1tica, a capacidade do cooperativismo de gerar impacto positivo \u2013 destaca Buriol.<\/p>\n<p>Sobre o Dia C<\/p>\n<p>Celebrado pelo movimento cooperativista, o Dia de Cooperar estimula cooperativas e volunt\u00e1rios a desenvolverem iniciativas relacionadas \u00e0s necessidades das comunidades. Mais do que celebrar a data, a mobiliza\u00e7\u00e3o busca incentivar uma cultura de participa\u00e7\u00e3o e voluntariado capaz de permanecer presente ao longo do ano.<\/p>","protected":false},"excerpt":{"rendered":"<p>Iniciativas realizadas em toda a \u00e1rea de atua\u00e7\u00e3o da Cooperativa promoveram solidariedade, cidadania e participa\u00e7\u00e3o nas comunidades Com o prop\u00f3sito de refor\u00e7ar o seu compromisso com o desenvolvimento das comunidades&#8230;<\/p>","protected":false},"author":2,"featured_media":73428,"comment_status":"closed","ping_status":"closed","sticky":false,"template":"","format":"standard","meta":{"ngg_post_thumbnail":0,"footnotes":""},"categories":[28,33,43],"tags":[],"class_list":["post-73427","post","type-post","status-publish","format-standard","has-post-thumbnail","hentry","category-destaque","category-noticias","category-regiao"],"amp_enabled":true,"_links":{"self":[{"href":"https:\/\/www2.comunitaria.com.br\/en\/wp-json\/wp\/v2\/posts\/73427","targetHints":{"allow":["GET"]}}],"collection":[{"href":"https:\/\/www2.comunitaria.com.br\/en\/wp-json\/wp\/v2\/posts"}],"about":[{"href":"https:\/\/www2.comunitaria.com.br\/en\/wp-json\/wp\/v2\/types\/post"}],"author":[{"embeddable":true,"href":"https:\/\/www2.comunitaria.com.br\/en\/wp-json\/wp\/v2\/users\/2"}],"replies":[{"embeddable":true,"href":"https:\/\/www2.comunitaria.com.br\/en\/wp-json\/wp\/v2\/comments?post=73427"}],"version-history":[{"count":0,"href":"https:\/\/www2.comunitaria.com.br\/en\/wp-json\/wp\/v2\/posts\/73427\/revisions"}],"wp:featuredmedia":[{"embeddable":true,"href":"https:\/\/www2.comunitaria.com.br\/en\/wp-json\/wp\/v2\/media\/73428"}],"wp:attachment":[{"href":"https:\/\/www2.comunitaria.com.br\/en\/wp-json\/wp\/v2\/media?parent=73427"}],"wp:term":[{"taxonomy":"category","embeddable":true,"href":"https:\/\/www2.comunitaria.com.br\/en\/wp-json\/wp\/v2\/categories?post=73427"},{"taxonomy":"post_tag","embeddable":true,"href":"https:\/\/www2.comunitaria.com.br\/en\/wp-json\/wp\/v2\/tags?post=73427"}],"curies":[{"name":"wp","href":"https:\/\/api.w.org\/{rel}","templated":true}]}}