{"id":73425,"date":"2026-09-02T13:31:21","date_gmt":"2026-09-02T15:31:21","guid":{"rendered":"https:\/\/www2.comunitaria.com.br\/?p=73425"},"modified":"2026-09-02T13:31:21","modified_gmt":"2026-09-02T15:31:21","slug":"cresol-raiz-celebra-18-anos-com-programacao-especial-em-setembro","status":"publish","type":"post","link":"https:\/\/www2.comunitaria.com.br\/en\/cresol-raiz-celebra-18-anos-com-programacao-especial-em-setembro\/","title":{"rendered":"Cresol Raiz celebra 18 anos com programa\u00e7\u00e3o especial em setembro"},"content":{"rendered":"<p><em>Durante o anivers\u00e1rio da Cresol Raiz ser\u00e3o realizados encontros com cooperados, a\u00e7\u00f5es nas comunidades, atividades esportivas e culturais e palestra com Jakson Follmann<\/em><\/p>\n<p class=\"wp-block-paragraph\">A&nbsp;<strong>Cresol Raiz<\/strong>&nbsp;completa 18 anos no pr\u00f3ximo dia 5 de setembro e preparou uma programa\u00e7\u00e3o especial ao longo de todo o m\u00eas para celebrar a trajet\u00f3ria da cooperativa junto aos cooperados, colaboradores e as comunidades onde est\u00e1 presente. A agenda re\u00fane uma s\u00e9rie de atividades nas diferentes regi\u00f5es de atua\u00e7\u00e3o, com encontros, palestras, a\u00e7\u00f5es sociais, eventos esportivos e momentos de integra\u00e7\u00e3o.<\/p>\n<p class=\"wp-block-paragraph\">Entre as a\u00e7\u00f5es est\u00e1 a&nbsp;<strong><a href=\"https:\/\/cresol.com.br\/corrida-laranja-cresol-egue-com-inscricoes-abertas\/\">Corrida Laranja<\/a><\/strong>, marcada para domingo, dia 13 de setembro, reunindo esporte, sa\u00fade e integra\u00e7\u00e3o em uma iniciativa que busca aproximar a cooperativa da comunidade. Os cinco melhores colocados de cada categoria receber\u00e3o medalhas, enquanto os cinco primeiros colocados na classifica\u00e7\u00e3o geral masculina e feminina, nas provas de 3 km e 5 km, ser\u00e3o premiados com trof\u00e9us.<\/p>\n<div class=\"wp-block-media-text is-stacked-on-mobile\">\n<div class=\"wp-block-media-text__content\">\n<p class=\"wp-block-paragraph\">Outro momento de destaque ser\u00e1 a&nbsp;<strong>palestra \u201cTocando em Frente\u201d,<\/strong>&nbsp;com o ex-atleta&nbsp;<a href=\"https:\/\/www.instagram.com\/jaksonfollmann\/?hl=pt-br\" target=\"_blank\" rel=\"noreferrer noopener nofollow\"><strong>Jakson Follmann<\/strong><\/a>, no dia 30 de setembro, \u00e0s 19h, no Sal\u00e3o de Atos da URI, em Frederico Westphalen (RS). O evento \u00e9 gratuito e encerra a programa\u00e7\u00e3o especial de anivers\u00e1rio. Os ingressos iniciais s\u00e3o destinados exclusivamente para cooperados e devem ser retirados nas ag\u00eancias de relacionamento da Cresol Raiz, mediante a doa\u00e7\u00e3o de um quilo de alimento n\u00e3o-perec\u00edvel.<\/p>\n<\/div>\n<\/div>\n<p class=\"wp-block-paragraph\">A agenda tamb\u00e9m contempla uma s\u00e9rie de atividades voltadas aos diferentes p\u00fablicos da cooperativa. Entre elas est\u00e3o encontros com embaixadores da Cresol, que representam a institui\u00e7\u00e3o em suas comunidades; a\u00e7\u00f5es voltadas \u00e0s mulheres; atividades com grupos da terceira idade; encontros com investidores; cursos e momentos de forma\u00e7\u00e3o para cooperados.<\/p>\n<p class=\"wp-block-paragraph\">Na \u00e1rea social e comunit\u00e1ria, a programa\u00e7\u00e3o inclui ainda a\u00e7\u00f5es relacionadas ao Dia da \u00c1rvore, realizadas entre os dias 24 e 30 de setembro em munic\u00edpios como Erval Seco (RS), Palmitinho (RS), Ametista do Sul (RS), Alpestre (RS), Boa Vista das Miss\u00f5es (RS), Seberi (RS) e Jaboticaba (RS).<\/p>\n<p class=\"wp-block-paragraph\">A programa\u00e7\u00e3o de anivers\u00e1rio da Cresol Raiz inclui ainda momentos de relacionamento e informa\u00e7\u00e3o, como o Caf\u00e9 com a Imprensa, em Frederico Westphalen, na sexta-feira, 04 de setembro, al\u00e9m de palestras e encontros sobre temas como sa\u00fade mental, cons\u00f3rcios e desenvolvimento.<\/p>\n<p class=\"wp-block-paragraph\">Para a presidente da Cresol Raiz, Claudiane Piovesan, celebrar o anivers\u00e1rio \u00e9 tamb\u00e9m reconhecer a participa\u00e7\u00e3o das pessoas que ajudaram a construir a trajet\u00f3ria da cooperativa.<\/p>\n<p class=\"wp-block-paragraph\"><em>\u201cCompletar 18 anos \u00e9 olhar para tudo o que constru\u00edmos at\u00e9 aqui na Cresol Raiz e, principalmente, reconhecer que essa hist\u00f3ria foi feita por muitas m\u00e3os. Queremos celebrar junto com nossos cooperados, colaboradores e comunidades, levando a nossa comemora\u00e7\u00e3o para diferentes munic\u00edpios e criando momentos de encontro, aprendizado e integra\u00e7\u00e3o. Mais do que marcar uma data, queremos reafirmar nosso compromisso de continuar crescendo junto com as pessoas.\u201d,<\/em>&nbsp;destaca<\/p>\n<h2 class=\"wp-block-heading has-medium-font-size\"><strong>Programa\u00e7\u00e3o segue durante todo o m\u00eas<\/strong><\/h2>\n<p class=\"wp-block-paragraph\">A agenda de anivers\u00e1rio da Cresol Raiz iniciou ontem, 01 de setembro,&nbsp; com encontro de anivers\u00e1rio com os embaixadores da Regi\u00e3o Metropolitana, em Novo Hamburgo (RS), e segue at\u00e9 o final do m\u00eas. Entre as atividades previstas est\u00e3o encontros com embaixadores, palestras, a\u00e7\u00f5es de relacionamento com investidores, atividades esportivas, comemora\u00e7\u00f5es de anivers\u00e1rio das ag\u00eancias, iniciativas ambientais e eventos comunit\u00e1rios.<\/p>\n<p class=\"wp-block-paragraph\">Um dos momentos que tamb\u00e9m integra a programa\u00e7\u00e3o ocorre no dia 14 de setembro, com o sorteio de R$ 50 mil da campanha Cooperar \u00e9 Ganhar, ampliando as celebra\u00e7\u00f5es da Cresol Raiz junto aos cooperados.<\/p>\n<h3 class=\"wp-block-heading has-medium-font-size\"><strong>Programa\u00e7\u00e3o completa do anivers\u00e1rio da Cresol Raiz<\/strong><\/h3>\n<p class=\"wp-block-paragraph\">01\/09: Encontro de Anivers\u00e1rio com os Embaixadores da Regi\u00e3o Metropolitana em Novo Hamburgo (RS)<\/p>\n<p class=\"wp-block-paragraph\">02\/09 \u2013 Palestra Sa\u00fade Mental para os grupos de Idosos em Novo Tiradentes (RS)<\/p>\n<p class=\"wp-block-paragraph\">02\/09: 2\u00ba Encontro de Anivers\u00e1rio com os Embaixadores da Regi\u00e3o Vale e Metropolitana<\/p>\n<p class=\"wp-block-paragraph\">02\/09: Anivers\u00e1rio 1 ano Ag\u00eancia S\u00e3o Luiz Sapiranga (RS)<\/p>\n<p class=\"wp-block-paragraph\">04\/09: Caf\u00e9 com a Imprensa de 18 anos da Cresol Raiz em Frederico Westphalen (RS)<\/p>\n<p class=\"wp-block-paragraph\">06\/09 \u2013 Trein\u00e3o de corrida de rua em Palmitinho em parceria com o Silva atacarejo&nbsp;<\/p>\n<p class=\"wp-block-paragraph\">08\/09 \u2013 Projeto Vamos Juntos Cooperar \u2013 Ametista do Sul (RS)<\/p>\n<p class=\"wp-block-paragraph\">08\/09 \u2013 Curso de Pizza \u2013 Linha Nova (Organiza\u00e7\u00e3o Ag\u00eancia de Presidente Lucena) (RS)<\/p>\n<p class=\"wp-block-paragraph\">08\/09: Almo\u00e7o com investidores Elias \u2013 Morro Reuter (RS)<\/p>\n<p class=\"wp-block-paragraph\">08\/09: Jantar com investidores Elias \u2013 Picada Caf\u00e9 (RS) e Presidente Lucena (RS)<\/p>\n<p class=\"wp-block-paragraph\">09\/09 \u2013 Palestra para mulheres com Chana Beltramin \u2013 Centro Cultural de Tenente Portela (RS)<\/p>\n<p class=\"wp-block-paragraph\">09\/09 \u2013 Momento sobre cons\u00f3rcios: Sapiranga \u2013 Ag\u00eancia S\u00e3o Luiz (RS)<\/p>\n<p class=\"wp-block-paragraph\">10\/09: Est\u00e2ncia Velha Almo\u00e7o com investidores \u2013 POLI&nbsp;<\/p>\n<p class=\"wp-block-paragraph\">10\/09: Jantar com Investidores \u2013 Port\u00e3o (RS)<\/p>\n<p class=\"wp-block-paragraph\">11\/09: Almo\u00e7o com Investidores \u2013 Ag\u00eancia de Ivoti (RS)<\/p>\n<p class=\"wp-block-paragraph\">13\/09: Corrida Laranja \u2013 Frederico Westphalen (RS)<\/p>\n<p class=\"wp-block-paragraph\">14\/09: Sorteio dos 50 mil reais \u2013 Cooperar \u00e9 Ganhar<\/p>\n<p class=\"wp-block-paragraph\">17\/09: 2\u00ba Encontro de Anivers\u00e1rio com os Embaixadores da Regi\u00e3o M\u00e9dio Alto Uruguai e Celeiro em Frederico Westphalen;<\/p>\n<p class=\"wp-block-paragraph\">18\/09 \u2013 Anivers\u00e1rio de 11 anos da Ag. de Planalto (RS)<\/p>\n<p class=\"wp-block-paragraph\">19\/09 \u2013 Passeio Cicl\u00edstico em Planalto (RS)<\/p>\n<p class=\"wp-block-paragraph\">19\/09: Grava\u00e7\u00e3o do Programa Manh\u00e3 Alegre (Imperial) \u2013 Santa Maria do Herval (RS)<\/p>\n<p class=\"wp-block-paragraph\">22\/09: Jantar de 10 anos da Ag\u00eancia de Cai\u00e7ara<\/p>\n<p class=\"wp-block-paragraph\">22\/09: Palestra para o N\u00facleo da Mulher da Cacis em Tr\u00eas Passos (RS)<\/p>\n<p class=\"wp-block-paragraph\">22\/09 \u2013 Formatura dos projetos educacionais Cresol \u2013 Ira\u00ed (RS)<\/p>\n<p class=\"wp-block-paragraph\">22\/09 \u2013 Anivers\u00e1rio 3 anos Ag\u00eancia Santa Maria do Herval (RS)<\/p>\n<p class=\"wp-block-paragraph\">23\/09 \u2013 Bailinho da Terceira Idade \u2013 Cerro Grande (RS)<\/p>\n<p class=\"wp-block-paragraph\">24\/09 \u2013 Dia da \u00c1rvore \u2013 Erval Seco (RS)<\/p>\n<p class=\"wp-block-paragraph\">24\/09 \u2013 Dia da \u00c1rvore \u2013 Palmitinho (RS)<\/p>\n<p class=\"wp-block-paragraph\">25\/09 \u2013 Dia da \u00c1rvore \u2013 Ametista do Sul (RS)<\/p>\n<p class=\"wp-block-paragraph\">27\/09 \u2013 Anivers\u00e1rio de 13 anos ag\u00eancia Palmitinho (RS)<\/p>\n<p class=\"wp-block-paragraph\">28\/09 \u2013 Dia da \u00c1rvore \u2013 Alpestre (RS)<\/p>\n<p class=\"wp-block-paragraph\">29\/09 \u2013 Dia da \u00c1rvore \u2013 Boa Vista das Miss\u00f5es (RS)<\/p>\n<p class=\"wp-block-paragraph\">29\/09 \u2013 Dia da \u00c1rvore \u2013 Seberi (RS)<\/p>\n<p class=\"wp-block-paragraph\">30\/09 \u2013 Anivers\u00e1rio de 6 Anos da Ag\u00eancia Palmeira das Miss\u00f5es (RS)<\/p>\n<p class=\"wp-block-paragraph\">30\/09 \u2013 Dia da \u00c1rvore \u2013 Jaboticaba (RS)<\/p>\n<p class=\"wp-block-paragraph\">30\/09: Palestra de Anivers\u00e1rio com Jakson Follmann \u2013 Frederico Westphalen (RS)<\/p>\n<p class=\"wp-block-paragraph\">30\/09: Projeto Vamos Juntos Cooperar em Ivoti (RS)<\/p>","protected":false},"excerpt":{"rendered":"<p>Durante o anivers\u00e1rio da Cresol Raiz ser\u00e3o realizados encontros com cooperados, a\u00e7\u00f5es nas comunidades, atividades esportivas e culturais e palestra com Jakson Follmann A&nbsp;Cresol Raiz&nbsp;completa 18 anos no pr\u00f3ximo dia&#8230;<\/p>","protected":false},"author":2,"featured_media":73426,"comment_status":"closed","ping_status":"closed","sticky":false,"template":"","format":"standard","meta":{"ngg_post_thumbnail":0,"footnotes":""},"categories":[42,28,33],"tags":[],"class_list":["post-73425","post","type-post","status-publish","format-standard","has-post-thumbnail","hentry","category-fred-west","category-destaque","category-noticias"],"amp_enabled":true,"_links":{"self":[{"href":"https:\/\/www2.comunitaria.com.br\/en\/wp-json\/wp\/v2\/posts\/73425","targetHints":{"allow":["GET"]}}],"collection":[{"href":"https:\/\/www2.comunitaria.com.br\/en\/wp-json\/wp\/v2\/posts"}],"about":[{"href":"https:\/\/www2.comunitaria.com.br\/en\/wp-json\/wp\/v2\/types\/post"}],"author":[{"embeddable":true,"href":"https:\/\/www2.comunitaria.com.br\/en\/wp-json\/wp\/v2\/users\/2"}],"replies":[{"embeddable":true,"href":"https:\/\/www2.comunitaria.com.br\/en\/wp-json\/wp\/v2\/comments?post=73425"}],"version-history":[{"count":0,"href":"https:\/\/www2.comunitaria.com.br\/en\/wp-json\/wp\/v2\/posts\/73425\/revisions"}],"wp:featuredmedia":[{"embeddable":true,"href":"https:\/\/www2.comunitaria.com.br\/en\/wp-json\/wp\/v2\/media\/73426"}],"wp:attachment":[{"href":"https:\/\/www2.comunitaria.com.br\/en\/wp-json\/wp\/v2\/media?parent=73425"}],"wp:term":[{"taxonomy":"category","embeddable":true,"href":"https:\/\/www2.comunitaria.com.br\/en\/wp-json\/wp\/v2\/categories?post=73425"},{"taxonomy":"post_tag","embeddable":true,"href":"https:\/\/www2.comunitaria.com.br\/en\/wp-json\/wp\/v2\/tags?post=73425"}],"curies":[{"name":"wp","href":"https:\/\/api.w.org\/{rel}","templated":true}]}}