{"id":73423,"date":"2026-08-31T19:34:28","date_gmt":"2026-08-31T21:34:28","guid":{"rendered":"https:\/\/www2.comunitaria.com.br\/?p=73423"},"modified":"2026-08-31T19:34:28","modified_gmt":"2026-08-31T21:34:28","slug":"cresol-raiz-participa-do-16o-concred-com-destaque-para-lideranca-feminina-e-futuro-do-cooperativismo","status":"publish","type":"post","link":"https:\/\/www2.comunitaria.com.br\/en\/cresol-raiz-participa-do-16o-concred-com-destaque-para-lideranca-feminina-e-futuro-do-cooperativismo\/","title":{"rendered":"Cresol Raiz participa do 16\u00ba Concred com destaque para lideran\u00e7a feminina e futuro do cooperativismo"},"content":{"rendered":"<p class=\"normal1\" style=\"line-height: 150%; text-align: left;\" align=\"center\"><i><span lang=\"EN-US\">Presidente Claudiane Piovesan integra livro que re\u00fane 40 mulheres que est\u00e3o redefinindo o cooperativismo de cr\u00e9dito no Brasil<\/span><\/i><\/p>\n<p class=\"normal1\" style=\"text-align: justify; line-height: 150%;\"><span lang=\"EN-US\">A Cresol Raiz esteve representada no 16\u00ba Congresso Brasileiro do Cooperativismo de Cr\u00e9dito (Concred), realizado entre os dias 26 e 28 de agosto, em Goi\u00e2nia (GO). Considerado um dos principais espa\u00e7os de discuss\u00e3o sobre o futuro do cooperativismo financeiro no pa\u00eds, o evento reuniu lideran\u00e7as e representantes do setor para debater tend\u00eancias, desafios e oportunidades para os pr\u00f3ximos anos.<\/span><\/p>\n<p class=\"normal1\" style=\"text-align: justify; line-height: 150%;\"><span lang=\"EN-US\">A cooperativa participou do congresso por meio da presidente da Cresol Raiz, Claudiane Piovesan, da diretora-executiva, Sandreia D\u00f6rr, e do presidente da Cresol Confedera\u00e7\u00e3o e secret\u00e1rio da Cresol Raiz, Cledir Magri, que integrou a programa\u00e7\u00e3o como painelista.<\/span><\/p>\n<p class=\"normal1\" style=\"text-align: justify; line-height: 150%;\"><b><span lang=\"EN-US\">Claudiane Piovesan integra livro sobre lideran\u00e7a feminina no cooperativismo<\/span><\/b><\/p>\n<p class=\"normal1\" style=\"text-align: justify; line-height: 150%;\"><span lang=\"EN-US\">Um dos momentos de maior destaque da participa\u00e7\u00e3o da Cresol Raiz no Concred foi o lan\u00e7amento do livro \u201cVozes que Ecoam \u2013 Lideran\u00e7a com Prop\u00f3sito\u201d, que re\u00fane hist\u00f3rias de 40 mulheres escolhidas por sua atua\u00e7\u00e3o e contribui\u00e7\u00e3o para a transforma\u00e7\u00e3o do cooperativismo de cr\u00e9dito no Brasil.<\/span><\/p>\n<p class=\"normal1\" style=\"text-align: justify; line-height: 150%;\"><span lang=\"EN-US\">Entre as homenageadas est\u00e1 Claudiane Piovesan, presidente da Cresol Raiz, que passa a integrar a publica\u00e7\u00e3o ao lado de outras lideran\u00e7as femininas do cooperativismo financeiro brasileiro.<\/span><\/p>\n<p class=\"normal1\" style=\"text-align: justify; line-height: 150%;\"><span lang=\"EN-US\">A presen\u00e7a de Claudiane na obra representa tamb\u00e9m o reconhecimento de uma trajet\u00f3ria constru\u00edda dentro da pr\u00f3pria Cresol. Sua hist\u00f3ria na cooperativa come\u00e7ou como primeira funcion\u00e1ria contratada, passando por diferentes fun\u00e7\u00f5es at\u00e9 chegar \u00e0 presid\u00eancia da institui\u00e7\u00e3o. A participa\u00e7\u00e3o no livro coloca essa trajet\u00f3ria em evid\u00eancia e refor\u00e7a o espa\u00e7o que a lideran\u00e7a feminina vem conquistando na constru\u00e7\u00e3o dos novos caminhos do cooperativismo de cr\u00e9dito.<\/span><\/p>\n<p class=\"normal1\" style=\"text-align: justify; line-height: 150%;\"><span lang=\"EN-US\">Para Claudiane, fazer parte da publica\u00e7\u00e3o representa um reconhecimento que ultrapassa sua trajet\u00f3ria individual.<\/span><\/p>\n<p class=\"normal1\" style=\"text-align: justify; line-height: 150%;\"><span lang=\"EN-US\">\u201cReceber esse reconhecimento \u00e9 uma honra muito grande, mas, principalmente, \u00e9 uma responsabilidade. Minha hist\u00f3ria foi constru\u00edda dentro do cooperativismo e junto de muitas pessoas que acreditaram, trabalharam e cresceram comigo. Estar entre essas 40 mulheres mostra que estamos ocupando cada vez mais espa\u00e7os e que a lideran\u00e7a feminina tem muito a contribuir para o futuro do cooperativismo de cr\u00e9dito.\u201d<\/span><\/p>\n<p class=\"normal1\" style=\"text-align: justify; line-height: 150%;\"><span lang=\"EN-US\">O lan\u00e7amento da obra ocorreu durante a programa\u00e7\u00e3o do Concred e reuniu as autoras e homenageadas. A publica\u00e7\u00e3o busca dar visibilidade \u00e0s experi\u00eancias de mulheres que v\u00eam contribuindo para transformar o setor e ampliar a participa\u00e7\u00e3o feminina nos espa\u00e7os de lideran\u00e7a.<\/span><\/p>\n<p class=\"normal1\" style=\"text-align: justify; line-height: 150%;\"><b><span lang=\"EN-US\">Debate sobre o futuro do cooperativismo<\/span><\/b><\/p>\n<p class=\"normal1\" style=\"text-align: justify; line-height: 150%;\"><span lang=\"EN-US\">Al\u00e9m do lan\u00e7amento do livro, a participa\u00e7\u00e3o da Cresol Raiz no Concred tamb\u00e9m foi marcada pela presen\u00e7a de Cledir Magri em um dos pain\u00e9is da programa\u00e7\u00e3o. O presidente da Cresol Confedera\u00e7\u00e3o e secret\u00e1rio da Cresol Raiz participou do painel \u201cAl\u00e9m do Cr\u00e9dito: As For\u00e7as que V\u00e3o Moldar o Cooperativismo Financeiro at\u00e9 2030\u201d.<\/span><\/p>\n<p class=\"normal1\" style=\"text-align: justify; line-height: 150%;\"><span lang=\"EN-US\">A discuss\u00e3o abordou as transforma\u00e7\u00f5es que devem impactar o cooperativismo financeiro nos pr\u00f3ximos anos, ampliando o olhar para al\u00e9m da oferta de produtos e servi\u00e7os financeiros e tratando de temas que devem influenciar a rela\u00e7\u00e3o das cooperativas com seus associados e com a sociedade.<\/span><\/p>\n<p class=\"normal1\" style=\"text-align: justify; line-height: 150%;\"><span lang=\"EN-US\">A participa\u00e7\u00e3o dos representantes da Cresol Raiz no Concred refor\u00e7a a atua\u00e7\u00e3o da cooperativa nos espa\u00e7os de discuss\u00e3o e constru\u00e7\u00e3o do futuro do cooperativismo financeiro brasileiro, ao mesmo tempo em que evidencia a presen\u00e7a de suas lideran\u00e7as em debates relacionados \u00e0 inova\u00e7\u00e3o, \u00e0 transforma\u00e7\u00e3o do setor e ao desenvolvimento de novas formas de relacionamento com os cooperados.<\/span><\/p>\n<p class=\"normal1\" style=\"text-align: justify; line-height: 150%;\"><span lang=\"EN-US\">&nbsp;<\/span><\/p>\n<p class=\"normal1\" style=\"text-align: justify; line-height: 150%;\"><span lang=\"EN-US\">&nbsp;<\/span><\/p>\n<p class=\"normal1\" style=\"text-align: justify; line-height: 150%;\"><span lang=\"EN-US\">&nbsp;<\/span><\/p>\n<p class=\"normal1\" style=\"text-align: justify; line-height: 150%;\"><span lang=\"EN-US\">&nbsp;<\/span><\/p>","protected":false},"excerpt":{"rendered":"<p>Presidente Claudiane Piovesan integra livro que re\u00fane 40 mulheres que est\u00e3o redefinindo o cooperativismo de cr\u00e9dito no Brasil A Cresol Raiz esteve representada no 16\u00ba Congresso Brasileiro do Cooperativismo de&#8230;<\/p>","protected":false},"author":2,"featured_media":73424,"comment_status":"closed","ping_status":"closed","sticky":false,"template":"","format":"standard","meta":{"ngg_post_thumbnail":0,"footnotes":""},"categories":[28,33],"tags":[],"class_list":["post-73423","post","type-post","status-publish","format-standard","has-post-thumbnail","hentry","category-destaque","category-noticias"],"amp_enabled":true,"_links":{"self":[{"href":"https:\/\/www2.comunitaria.com.br\/en\/wp-json\/wp\/v2\/posts\/73423","targetHints":{"allow":["GET"]}}],"collection":[{"href":"https:\/\/www2.comunitaria.com.br\/en\/wp-json\/wp\/v2\/posts"}],"about":[{"href":"https:\/\/www2.comunitaria.com.br\/en\/wp-json\/wp\/v2\/types\/post"}],"author":[{"embeddable":true,"href":"https:\/\/www2.comunitaria.com.br\/en\/wp-json\/wp\/v2\/users\/2"}],"replies":[{"embeddable":true,"href":"https:\/\/www2.comunitaria.com.br\/en\/wp-json\/wp\/v2\/comments?post=73423"}],"version-history":[{"count":0,"href":"https:\/\/www2.comunitaria.com.br\/en\/wp-json\/wp\/v2\/posts\/73423\/revisions"}],"wp:featuredmedia":[{"embeddable":true,"href":"https:\/\/www2.comunitaria.com.br\/en\/wp-json\/wp\/v2\/media\/73424"}],"wp:attachment":[{"href":"https:\/\/www2.comunitaria.com.br\/en\/wp-json\/wp\/v2\/media?parent=73423"}],"wp:term":[{"taxonomy":"category","embeddable":true,"href":"https:\/\/www2.comunitaria.com.br\/en\/wp-json\/wp\/v2\/categories?post=73423"},{"taxonomy":"post_tag","embeddable":true,"href":"https:\/\/www2.comunitaria.com.br\/en\/wp-json\/wp\/v2\/tags?post=73423"}],"curies":[{"name":"wp","href":"https:\/\/api.w.org\/{rel}","templated":true}]}}