{"id":73419,"date":"2026-08-31T10:17:33","date_gmt":"2026-08-31T12:17:33","guid":{"rendered":"https:\/\/www2.comunitaria.com.br\/?p=73419"},"modified":"2026-08-31T10:17:33","modified_gmt":"2026-08-31T12:17:33","slug":"colisao-entre-fiat-mobi-e-caminhao-deixa-dois-militares-feridos-na-br-285-em-panambi","status":"publish","type":"post","link":"https:\/\/www2.comunitaria.com.br\/en\/colisao-entre-fiat-mobi-e-caminhao-deixa-dois-militares-feridos-na-br-285-em-panambi\/","title":{"rendered":"Colis\u00e3o entre Fiat Mobi e caminh\u00e3o deixa dois militares feridos na BR-285 em Panambi"},"content":{"rendered":"<div class=\"tituloAuxiliar\"><em>Acidente envolveu autom\u00f3vel do Ex\u00e9rcito e caminh\u00e3o no quil\u00f4metro 411 da rodovia; motorista de caminhonete envolvida fugiu sem prestar socorro<\/em><\/div>\n<div>\n<div class=\"html\">\n<p dir=\"ltr\">Dois militares ficaram feridos ap\u00f3s um acidente de tr\u00e2nsito registrado por volta das 21 horas deste domingo (30), no quil\u00f4metro 411 da BR-285, em Panambi, pr\u00f3ximo ao Posto Estrela. A colis\u00e3o envolveu um Fiat Mobi e um caminh\u00e3o, mobilizando equipes do SAMU. As duas v\u00edtimas que estavam no carro receberam atendimento m\u00e9dico no local e foram encaminhadas para a UPA de Panambi com ferimentos leves.<\/p>\n<p dir=\"ltr\"><strong>Contexto<\/strong><\/p>\n<p dir=\"ltr\">O acidente se desenrolou enquanto o Fiat Mobi, ocupado por cinco militares, se deslocava de Erechim em dire\u00e7\u00e3o a S\u00e3o Borja para o retorno ao quartel. De acordo com o relato do condutor do autom\u00f3vel, ele havia iniciado a ultrapassagem de uma caminhonete quando o ve\u00edculo realizou uma manobra brusca e fechou a sua trajet\u00f3ria. Assim, o motorista do Mobi acabou colidindo na traseira de um caminh\u00e3o que trafegava \u00e0 sua frente.<\/p>\n<p dir=\"ltr\"><strong>Desenrolar do ocorrido<\/strong><\/p>\n<p dir=\"ltr\">Com a for\u00e7a do impacto contra o para-choque do ve\u00edculo de carga, o condutor perdeu o controle da dire\u00e7\u00e3o, fazendo com que o carro rodasse sobre a pista at\u00e9 parar no acostamento do sentido contr\u00e1rio. A caminhonete envolvida na manobra n\u00e3o parou e deixou o local sem prestar assist\u00eancia, enquanto o caminhoneiro parou o ve\u00edculo na rodovia para prestar socorro aos ocupantes do autom\u00f3vel.<\/p>\n<\/div>\n<div class=\"fonte\"><em>Fonte: Jo\u00e3o Vicente Magalh\u00e3es \/ Ramon Mendes &#8211; Jornalismo RP \/ Informa Panambi<\/em><\/div>\n<\/div>\n<div class=\"data d-md-flex h-100 justify-content-evenly\">&nbsp;<\/div>","protected":false},"excerpt":{"rendered":"<p>Acidente envolveu autom\u00f3vel do Ex\u00e9rcito e caminh\u00e3o no quil\u00f4metro 411 da rodovia; motorista de caminhonete envolvida fugiu sem prestar socorro Dois militares ficaram feridos ap\u00f3s um acidente de tr\u00e2nsito registrado&#8230;<\/p>","protected":false},"author":2,"featured_media":73420,"comment_status":"closed","ping_status":"closed","sticky":false,"template":"","format":"standard","meta":{"ngg_post_thumbnail":0,"footnotes":""},"categories":[28,33,43],"tags":[],"class_list":["post-73419","post","type-post","status-publish","format-standard","has-post-thumbnail","hentry","category-destaque","category-noticias","category-regiao"],"amp_enabled":true,"_links":{"self":[{"href":"https:\/\/www2.comunitaria.com.br\/en\/wp-json\/wp\/v2\/posts\/73419","targetHints":{"allow":["GET"]}}],"collection":[{"href":"https:\/\/www2.comunitaria.com.br\/en\/wp-json\/wp\/v2\/posts"}],"about":[{"href":"https:\/\/www2.comunitaria.com.br\/en\/wp-json\/wp\/v2\/types\/post"}],"author":[{"embeddable":true,"href":"https:\/\/www2.comunitaria.com.br\/en\/wp-json\/wp\/v2\/users\/2"}],"replies":[{"embeddable":true,"href":"https:\/\/www2.comunitaria.com.br\/en\/wp-json\/wp\/v2\/comments?post=73419"}],"version-history":[{"count":0,"href":"https:\/\/www2.comunitaria.com.br\/en\/wp-json\/wp\/v2\/posts\/73419\/revisions"}],"wp:featuredmedia":[{"embeddable":true,"href":"https:\/\/www2.comunitaria.com.br\/en\/wp-json\/wp\/v2\/media\/73420"}],"wp:attachment":[{"href":"https:\/\/www2.comunitaria.com.br\/en\/wp-json\/wp\/v2\/media?parent=73419"}],"wp:term":[{"taxonomy":"category","embeddable":true,"href":"https:\/\/www2.comunitaria.com.br\/en\/wp-json\/wp\/v2\/categories?post=73419"},{"taxonomy":"post_tag","embeddable":true,"href":"https:\/\/www2.comunitaria.com.br\/en\/wp-json\/wp\/v2\/tags?post=73419"}],"curies":[{"name":"wp","href":"https:\/\/api.w.org\/{rel}","templated":true}]}}