{"id":73415,"date":"2026-08-31T09:52:42","date_gmt":"2026-08-31T11:52:42","guid":{"rendered":"https:\/\/www2.comunitaria.com.br\/?p=73415"},"modified":"2026-08-31T09:52:42","modified_gmt":"2026-08-31T11:52:42","slug":"empresa-fecha-acesso-a-nova-ponte-sobre-o-rio-da-varzea-por-razoes-tecnicas-em-rodeio-bonito","status":"publish","type":"post","link":"https:\/\/www2.comunitaria.com.br\/en\/empresa-fecha-acesso-a-nova-ponte-sobre-o-rio-da-varzea-por-razoes-tecnicas-em-rodeio-bonito\/","title":{"rendered":"Empresa fecha acesso a nova ponte sobre o Rio da V\u00e1rzea por raz\u00f5es t\u00e9cnicas em Rodeio Bonito"},"content":{"rendered":"<div class=\"tituloAuxiliar\"><em>Estrutura ainda em obras teve concreto recente submetido a tr\u00e1fego indevido, gerando risco de fissuras antes da entrega oficial<\/em><\/div>\n<div>\n<p>O Munic\u00edpio de Rodeio Bonito emitiu uma nota de esclarecimento \u00e0 popula\u00e7\u00e3o neste s\u00e1bado (29) para detalhar os motivos da recente restri\u00e7\u00e3o de acesso \u00e0 obra de constru\u00e7\u00e3o da ponte sobre o Rio da V\u00e1rzea. A decis\u00e3o de efetuar o bloqueio partiu da empresa Zanco, respons\u00e1vel pela execu\u00e7\u00e3o dos servi\u00e7os, uma vez que a obra ainda se encontra em andamento, n\u00e3o tendo sido conclu\u00edda nem entregue formalmente \u00e0 Administra\u00e7\u00e3o Municipal. Por esse motivo, a estrutura permanece oficialmente interditada para a circula\u00e7\u00e3o de ve\u00edculos e pedestres.<\/p>\n<div class=\"html\">\n<p><strong>Alerta da empresa e riscos estruturais<\/strong><\/p>\n<p>Na mesma data, a propriet\u00e1ria e respons\u00e1vel t\u00e9cnica pela construtora entrou em contato com o prefeito Paulo Duarte ap\u00f3s tomar conhecimento de que condutores estavam utilizando a travessia de forma indevida. A respons\u00e1vel pela obra explicou que a \u00faltima concretagem do \u00faltimo tabuleiro da ponte foi executada h\u00e1 poucos dias e que o concreto continua em per\u00edodo de cura. A passagem de ve\u00edculos neste est\u00e1gio submete o piso rec\u00e9m-executado a esfor\u00e7os prematuros, gerando risco de trincas ou fissuras que podem comprometer a adequada execu\u00e7\u00e3o e a qualidade final do servi\u00e7o.<\/p>\n<p><strong>Responsabilidade jur\u00eddica e posicionamento da prefeitura<\/strong><\/p>\n<p>Diante dos riscos t\u00e9cnicos e do fato de que a responsabilidade legal sobre o canteiro de obras permanece inteiramente com a empresa executora at\u00e9 a entrega definitiva, a propriet\u00e1ria determinou o fechamento total do acesso. A Prefeitura de Rodeio Bonito esclareceu que cabe ao munic\u00edpio observar e respeitar a orienta\u00e7\u00e3o da respons\u00e1vel t\u00e9cnica. A administra\u00e7\u00e3o refor\u00e7ou que a interdi\u00e7\u00e3o visa, acima de tudo, preservar a seguran\u00e7a da popula\u00e7\u00e3o, resguardar a integridade da estrutura concretada e garantir a conclus\u00e3o adequada da obra.<\/p>\n<\/div>\n<div class=\"fonte\">Fonte: Ramon Mendes &#8211; Jornalismo R\u00e1dio Fortaleza \/ ASCOM &#8211; Prefeitura Municipal de Rodeio Bonito<\/div>\n<\/div>","protected":false},"excerpt":{"rendered":"<p>Estrutura ainda em obras teve concreto recente submetido a tr\u00e1fego indevido, gerando risco de fissuras antes da entrega oficial O Munic\u00edpio de Rodeio Bonito emitiu uma nota de esclarecimento \u00e0&#8230;<\/p>","protected":false},"author":2,"featured_media":73416,"comment_status":"closed","ping_status":"closed","sticky":false,"template":"","format":"standard","meta":{"ngg_post_thumbnail":0,"footnotes":""},"categories":[28,33,43],"tags":[],"class_list":["post-73415","post","type-post","status-publish","format-standard","has-post-thumbnail","hentry","category-destaque","category-noticias","category-regiao"],"amp_enabled":true,"_links":{"self":[{"href":"https:\/\/www2.comunitaria.com.br\/en\/wp-json\/wp\/v2\/posts\/73415","targetHints":{"allow":["GET"]}}],"collection":[{"href":"https:\/\/www2.comunitaria.com.br\/en\/wp-json\/wp\/v2\/posts"}],"about":[{"href":"https:\/\/www2.comunitaria.com.br\/en\/wp-json\/wp\/v2\/types\/post"}],"author":[{"embeddable":true,"href":"https:\/\/www2.comunitaria.com.br\/en\/wp-json\/wp\/v2\/users\/2"}],"replies":[{"embeddable":true,"href":"https:\/\/www2.comunitaria.com.br\/en\/wp-json\/wp\/v2\/comments?post=73415"}],"version-history":[{"count":0,"href":"https:\/\/www2.comunitaria.com.br\/en\/wp-json\/wp\/v2\/posts\/73415\/revisions"}],"wp:featuredmedia":[{"embeddable":true,"href":"https:\/\/www2.comunitaria.com.br\/en\/wp-json\/wp\/v2\/media\/73416"}],"wp:attachment":[{"href":"https:\/\/www2.comunitaria.com.br\/en\/wp-json\/wp\/v2\/media?parent=73415"}],"wp:term":[{"taxonomy":"category","embeddable":true,"href":"https:\/\/www2.comunitaria.com.br\/en\/wp-json\/wp\/v2\/categories?post=73415"},{"taxonomy":"post_tag","embeddable":true,"href":"https:\/\/www2.comunitaria.com.br\/en\/wp-json\/wp\/v2\/tags?post=73415"}],"curies":[{"name":"wp","href":"https:\/\/api.w.org\/{rel}","templated":true}]}}