{"id":73411,"date":"2026-08-29T19:44:45","date_gmt":"2026-08-29T21:44:45","guid":{"rendered":"https:\/\/www2.comunitaria.com.br\/?p=73411"},"modified":"2026-08-29T19:44:45","modified_gmt":"2026-08-29T21:44:45","slug":"supermercado-bertoletti-premia-mais-10-clientes-com-vale-compras-de-r1000","status":"publish","type":"post","link":"https:\/\/www2.comunitaria.com.br\/en\/supermercado-bertoletti-premia-mais-10-clientes-com-vale-compras-de-r1000\/","title":{"rendered":"Supermercado Bertoletti premia mais 10 clientes  com vale-compras de R$1000"},"content":{"rendered":"<p><span style=\"font-weight: 400;\">O Supermercado Bertoletti realizou neste s\u00e1bado, <\/span><b>29 de agosto<\/b><span style=\"font-weight: 400;\">, o <\/span><b>3\u00ba sorteio da campanha Parceria Premiada \u2013 52 anos<\/b><span style=\"font-weight: 400;\">, contemplando <\/span><b>10 clientes com vale-compras de R$1.000 cada<\/b><span style=\"font-weight: 400;\">.<\/span><\/p>\n<p><span style=\"font-weight: 400;\">Cada sorteio faz parte das comemora\u00e7\u00f5es pelos <\/span><b>52 anos do Supermercado Bertoletti<\/b><span style=\"font-weight: 400;\">. Ao longo de 2026, a campanha distribuir\u00e1 um total de <\/span><b>R$ 40mil em vale-compras<\/b><span style=\"font-weight: 400;\"> aos clientes.&nbsp;<\/span><\/p>\n<p><span style=\"font-weight: 400;\">Conhe\u00e7a os ganhadores dessa etapa:<\/span><\/p>\n<ol>\n<li style=\"font-weight: 400;\" aria-level=\"1\"><b>Ivonete I. Rodrigues<\/b><span style=\"font-weight: 400;\"> \u2013 Frederico Westphalen<\/span><\/li>\n<li style=\"font-weight: 400;\" aria-level=\"1\"><b>Ros\u00e2ngela J. da Silva<\/b><span style=\"font-weight: 400;\"> \u2013 Frederico Westphalen<\/span><\/li>\n<li style=\"font-weight: 400;\" aria-level=\"1\"><b>Marina de O. Prestes Sperling<\/b><span style=\"font-weight: 400;\"> \u2013 Itapaj\u00e9, Frederico Westphalen<\/span><\/li>\n<li style=\"font-weight: 400;\" aria-level=\"1\"><b>Valdemir Jos\u00e9 dos Santos<\/b><span style=\"font-weight: 400;\"> \u2013 S\u00e3o Francisco de Paula, Frederico Westphalen<\/span><\/li>\n<li style=\"font-weight: 400;\" aria-level=\"1\"><b>Ana Paula Pinheiro<\/b><span style=\"font-weight: 400;\"> \u2013 Bela Vista, Frederico Westphalen<\/span><\/li>\n<li style=\"font-weight: 400;\" aria-level=\"1\"><b>Kelen Mezzomo<\/b><span style=\"font-weight: 400;\"> \u2013 Santo Ant\u00f4nio, Frederico Westphalen<\/span><\/li>\n<li style=\"font-weight: 400;\" aria-level=\"1\"><b>Rafael Humberto Somavilla<\/b><span style=\"font-weight: 400;\"> \u2013 Linha Brondani, Frederico Westphalen<\/span><\/li>\n<li style=\"font-weight: 400;\" aria-level=\"1\"><b>Andr\u00e9 Welter<\/b><span style=\"font-weight: 400;\"> \u2013 Linha 21 de Abril, Frederico Westphalen<\/span><\/li>\n<li style=\"font-weight: 400;\" aria-level=\"1\"><b>Lucas Marques<\/b><span style=\"font-weight: 400;\"> \u2013 Linha Pedras Brancas, Frederico Westphalen<\/span><\/li>\n<li style=\"font-weight: 400;\" aria-level=\"1\"><b>Liliani Ros<\/b><span style=\"font-weight: 400;\"> \u2013 Frederico Westphalen<\/span><\/li>\n<\/ol>\n<p><span style=\"font-weight: 400;\">E a campanha continua, ainda ser\u00e3o realizados mais dois sorteios ao longo do ano:<\/span><\/p>\n<p><b>31 de outubro<\/b><span style=\"font-weight: 400;\"> \u2013 5 vale-compras de R$ 1.000<\/span><span style=\"font-weight: 400;\"><br \/>\n<\/span><b>26 de dezembro<\/b><span style=\"font-weight: 400;\"> \u2013 10 vale-compras de R$ 1.000<\/span><\/p>\n<p><span style=\"font-weight: 400;\">Para participar, os clientes recebem cupons a cada <\/span><b>R$200 em compras<\/b><span style=\"font-weight: 400;\"> ou na compra de <\/span><b>tr\u00eas produtos das marcas parceiras<\/b><span style=\"font-weight: 400;\">, conforme o regulamento da campanha.<\/span><\/p>\n<p><span style=\"font-weight: 400;\">O Supermercado Bertoletti tamb\u00e9m agradece \u00e0s empresas parceiras que contribuem para a realiza\u00e7\u00e3o da Parceria Premiada: <\/span><b>Makrodal, Mili, 3 Cora\u00e7\u00f5es, Oniz, Orqu\u00eddea, Aquafast, Edimar Representa\u00e7\u00f5es, Nillo Tozzo, Parati, Digrepal, Bettanin e Dori<\/b><span style=\"font-weight: 400;\">.<\/span><\/p>\n<p><span style=\"font-weight: 400;\">A dire\u00e7\u00e3o do Supermercado Bertoletti tamb\u00e9m agradece a prefer\u00eancia dos clientes e convida a todos para continuarem participando, porque <\/span><b>o pr\u00f3ximo ganhador pode ser voc\u00ea<\/b><span style=\"font-weight: 400;\">.<\/span><\/p>\n<p><b>Supermercado Bertoletti, desde 1974, construindo bons momentos com voc\u00ea.<\/b><\/p>","protected":false},"excerpt":{"rendered":"<p>O Supermercado Bertoletti realizou neste s\u00e1bado, 29 de agosto, o 3\u00ba sorteio da campanha Parceria Premiada \u2013 52 anos, contemplando 10 clientes com vale-compras de R$1.000 cada. Cada sorteio faz&#8230;<\/p>","protected":false},"author":2,"featured_media":73412,"comment_status":"closed","ping_status":"closed","sticky":false,"template":"","format":"standard","meta":{"ngg_post_thumbnail":0,"footnotes":""},"categories":[42,28,33],"tags":[],"class_list":["post-73411","post","type-post","status-publish","format-standard","has-post-thumbnail","hentry","category-fred-west","category-destaque","category-noticias"],"amp_enabled":true,"_links":{"self":[{"href":"https:\/\/www2.comunitaria.com.br\/en\/wp-json\/wp\/v2\/posts\/73411","targetHints":{"allow":["GET"]}}],"collection":[{"href":"https:\/\/www2.comunitaria.com.br\/en\/wp-json\/wp\/v2\/posts"}],"about":[{"href":"https:\/\/www2.comunitaria.com.br\/en\/wp-json\/wp\/v2\/types\/post"}],"author":[{"embeddable":true,"href":"https:\/\/www2.comunitaria.com.br\/en\/wp-json\/wp\/v2\/users\/2"}],"replies":[{"embeddable":true,"href":"https:\/\/www2.comunitaria.com.br\/en\/wp-json\/wp\/v2\/comments?post=73411"}],"version-history":[{"count":0,"href":"https:\/\/www2.comunitaria.com.br\/en\/wp-json\/wp\/v2\/posts\/73411\/revisions"}],"wp:featuredmedia":[{"embeddable":true,"href":"https:\/\/www2.comunitaria.com.br\/en\/wp-json\/wp\/v2\/media\/73412"}],"wp:attachment":[{"href":"https:\/\/www2.comunitaria.com.br\/en\/wp-json\/wp\/v2\/media?parent=73411"}],"wp:term":[{"taxonomy":"category","embeddable":true,"href":"https:\/\/www2.comunitaria.com.br\/en\/wp-json\/wp\/v2\/categories?post=73411"},{"taxonomy":"post_tag","embeddable":true,"href":"https:\/\/www2.comunitaria.com.br\/en\/wp-json\/wp\/v2\/tags?post=73411"}],"curies":[{"name":"wp","href":"https:\/\/api.w.org\/{rel}","templated":true}]}}