{"id":73398,"date":"2026-08-28T10:25:35","date_gmt":"2026-08-28T12:25:35","guid":{"rendered":"https:\/\/www2.comunitaria.com.br\/?p=73398"},"modified":"2026-08-28T10:25:35","modified_gmt":"2026-08-28T12:25:35","slug":"apos-30-anos-acesso-asfaltico-de-sao-pedro-das-missoes-a-br-386-comeca-a-sair-do-papel","status":"publish","type":"post","link":"https:\/\/www2.comunitaria.com.br\/en\/apos-30-anos-acesso-asfaltico-de-sao-pedro-das-missoes-a-br-386-comeca-a-sair-do-papel\/","title":{"rendered":"Ap\u00f3s 30 anos, acesso asf\u00e1ltico de S\u00e3o Pedro das Miss\u00f5es \u00e0 BR-386 come\u00e7a a sair do papel"},"content":{"rendered":"<div class=\"tituloAuxiliar\"><em>Obra de 6,3 quil\u00f4metros tem investimento superior a R$ 24 milh\u00f5es e inclui nova ponte, acostamento e trevo iluminado<\/em><\/div>\n<div>\n<div class=\"html\">\n<p>Depois de mais de 30 anos de reivindica\u00e7\u00f5es, o acesso asf\u00e1ltico de S\u00e3o Pedro das Miss\u00f5es \u00e0 BR-386 j\u00e1 est\u00e1 em execu\u00e7\u00e3o. A obra prev\u00ea a pavimenta\u00e7\u00e3o de aproximadamente 6,3 quil\u00f4metros, com investimento superior a R$ 24 milh\u00f5es, e \u00e9 considerada uma das principais conquistas de infraestrutura da hist\u00f3ria do munic\u00edpio.<\/p>\n<p><strong>Obras j\u00e1 est\u00e3o em andamento<\/strong><\/p>\n<p>A ordem de in\u00edcio dos trabalhos foi assinada pelo prefeito Rafael Fumagalli junto ao Governo do Estado, em Porto Alegre, no dia 5 de maio de 2026. Desde ent\u00e3o, a empresa Construbras, respons\u00e1vel pela execu\u00e7\u00e3o, atua no trecho. Atualmente, os servi\u00e7os est\u00e3o concentrados em interven\u00e7\u00f5es de drenagem e implanta\u00e7\u00e3o de galerias pluviais.<\/p>\n<p>Segundo o prefeito, o in\u00edcio da pavimenta\u00e7\u00e3o representa a concretiza\u00e7\u00e3o de uma reivindica\u00e7\u00e3o que atravessou diferentes administra\u00e7\u00f5es municipais. Fumagalli destacou que a obra dever\u00e1 melhorar o deslocamento da popula\u00e7\u00e3o e fortalecer a liga\u00e7\u00e3o do munic\u00edpio com Palmeira das Miss\u00f5es e outras cidades da regi\u00e3o.<\/p>\n<p>Com a nova estrada, a expectativa \u00e9 reduzir as dificuldades enfrentadas pelos moradores, principalmente em per\u00edodos de chuva, quando as condi\u00e7\u00f5es da via prejudicam o transporte escolar, o deslocamento de ve\u00edculos da sa\u00fade e o acesso a servi\u00e7os.<\/p>\n<p><strong>Nova ponte e trevo na BR-386<\/strong><\/p>\n<p>Um dos principais investimentos previstos no projeto \u00e9 a constru\u00e7\u00e3o de uma nova ponte no bairro Preto. A estrutura atual, que funciona em sistema de pare e siga, ser\u00e1 demolida e substitu\u00edda por uma ponte de aproximadamente 22 metros de comprimento e 12 metros de largura, permitindo a circula\u00e7\u00e3o de ve\u00edculos nos dois sentidos.<\/p>\n<p>O projeto tamb\u00e9m contempla um trevo iluminado junto \u00e0 BR-386, com o objetivo de melhorar a seguran\u00e7a dos motoristas. De acordo com a administra\u00e7\u00e3o municipal, os trabalhos preparat\u00f3rios para a implanta\u00e7\u00e3o do acesso j\u00e1 est\u00e3o em andamento.<\/p>\n<p><strong>Expectativa de crescimento econ\u00f4mico<\/strong><\/p>\n<p>Al\u00e9m dos impactos na mobilidade, a Prefeitura projeta reflexos na economia local. O vice-prefeito Rudinei Brizola avalia que a melhoria da infraestrutura poder\u00e1 estimular o com\u00e9rcio, facilitar a circula\u00e7\u00e3o de pessoas e mercadorias e aumentar o interesse de empresas em se instalar no munic\u00edpio.<\/p>\n<p>A administra\u00e7\u00e3o tamb\u00e9m negocia melhorias na ilumina\u00e7\u00e3o p\u00fablica do bairro Preto. A inten\u00e7\u00e3o \u00e9 adequar a rede el\u00e9trica ao novo projeto vi\u00e1rio, com a instala\u00e7\u00e3o de postes de aproximadamente 13 metros e ilumina\u00e7\u00e3o em LED. As tratativas envolvem a RGE, o DAER e a empresa respons\u00e1vel pela obra.<\/p>\n<p><strong>Conclus\u00e3o prevista para 2027<\/strong><\/p>\n<p>A pavimenta\u00e7\u00e3o \u00e9 resultado de uma mobiliza\u00e7\u00e3o que envolveu diferentes administra\u00e7\u00f5es municipais, vereadores, lideran\u00e7as regionais e entidades municipalistas. Entre elas est\u00e1 a AMZOP, que participou das articula\u00e7\u00f5es em defesa da melhoria da infraestrutura regional.<\/p>\n<p>Com os trabalhos j\u00e1 iniciados, a expectativa do munic\u00edpio \u00e9 que a obra avance nos pr\u00f3ximos meses e seja conclu\u00edda em 2027. A conclus\u00e3o dos 6,3 quil\u00f4metros, da nova ponte e do trevo de liga\u00e7\u00e3o com a BR-386 dever\u00e1 representar uma mudan\u00e7a na mobilidade de S\u00e3o Pedro das Miss\u00f5es e ampliar as perspectivas de desenvolvimento econ\u00f4mico do munic\u00edpio.<\/p>\n<\/div>\n<div class=\"fonte\"><em>Fonte: Sid Farias &#8211; Jornalismo RP<\/em><\/div>\n<\/div>\n<div class=\"data d-md-flex h-100 justify-content-evenly\">&nbsp;<\/div>","protected":false},"excerpt":{"rendered":"<p>Obra de 6,3 quil\u00f4metros tem investimento superior a R$ 24 milh\u00f5es e inclui nova ponte, acostamento e trevo iluminado Depois de mais de 30 anos de reivindica\u00e7\u00f5es, o acesso asf\u00e1ltico&#8230;<\/p>","protected":false},"author":2,"featured_media":73399,"comment_status":"closed","ping_status":"closed","sticky":false,"template":"","format":"standard","meta":{"ngg_post_thumbnail":0,"footnotes":""},"categories":[28,33,43],"tags":[],"class_list":["post-73398","post","type-post","status-publish","format-standard","has-post-thumbnail","hentry","category-destaque","category-noticias","category-regiao"],"amp_enabled":true,"_links":{"self":[{"href":"https:\/\/www2.comunitaria.com.br\/en\/wp-json\/wp\/v2\/posts\/73398","targetHints":{"allow":["GET"]}}],"collection":[{"href":"https:\/\/www2.comunitaria.com.br\/en\/wp-json\/wp\/v2\/posts"}],"about":[{"href":"https:\/\/www2.comunitaria.com.br\/en\/wp-json\/wp\/v2\/types\/post"}],"author":[{"embeddable":true,"href":"https:\/\/www2.comunitaria.com.br\/en\/wp-json\/wp\/v2\/users\/2"}],"replies":[{"embeddable":true,"href":"https:\/\/www2.comunitaria.com.br\/en\/wp-json\/wp\/v2\/comments?post=73398"}],"version-history":[{"count":0,"href":"https:\/\/www2.comunitaria.com.br\/en\/wp-json\/wp\/v2\/posts\/73398\/revisions"}],"wp:featuredmedia":[{"embeddable":true,"href":"https:\/\/www2.comunitaria.com.br\/en\/wp-json\/wp\/v2\/media\/73399"}],"wp:attachment":[{"href":"https:\/\/www2.comunitaria.com.br\/en\/wp-json\/wp\/v2\/media?parent=73398"}],"wp:term":[{"taxonomy":"category","embeddable":true,"href":"https:\/\/www2.comunitaria.com.br\/en\/wp-json\/wp\/v2\/categories?post=73398"},{"taxonomy":"post_tag","embeddable":true,"href":"https:\/\/www2.comunitaria.com.br\/en\/wp-json\/wp\/v2\/tags?post=73398"}],"curies":[{"name":"wp","href":"https:\/\/api.w.org\/{rel}","templated":true}]}}