{"id":73383,"date":"2026-08-27T09:35:38","date_gmt":"2026-08-27T11:35:38","guid":{"rendered":"https:\/\/www2.comunitaria.com.br\/?p=73383"},"modified":"2026-08-27T09:35:38","modified_gmt":"2026-08-27T11:35:38","slug":"prf-intercepta-em-seberi-10-mil-macos-de-cigarros-contrabandeados-que-seriam-entregues-em-palmeira-das-missoes","status":"publish","type":"post","link":"https:\/\/www2.comunitaria.com.br\/en\/prf-intercepta-em-seberi-10-mil-macos-de-cigarros-contrabandeados-que-seriam-entregues-em-palmeira-das-missoes\/","title":{"rendered":"PRF intercepta em Seberi 10 mil ma\u00e7os de cigarros contrabandeados que seriam entregues em Palmeira das Miss\u00f5es"},"content":{"rendered":"<div class=\"tituloAuxiliar\"><em>Dois homens foram presos na BR-386 transportando a carga il\u00edcita destinada ao munic\u00edpio<\/em><\/div>\n<div>\n<div class=\"html\">\n<div class=\"container\">\n<div id=\"model-response-message-contentr_bbaf2229ab238e00\" class=\"enable-luminous-fast-follows enable-updated-hr-color markdown markdown-main-panel md-content stronger\">\n<p>Uma carga com mais de 10 mil ma\u00e7os de cigarros contrabandeados que tinha como destino o munic\u00edpio de Palmeira das Miss\u00f5es foi interceptada pela Pol\u00edcia Rodovi\u00e1ria Federal (PRF) na tarde desta quarta-feira (26). A a\u00e7\u00e3o resultou na pris\u00e3o de dois homens na BR-386, no trecho do munic\u00edpio de Seberi, durante fiscaliza\u00e7\u00e3o de rotina voltada ao combate a crimes transfronteiri\u00e7os.<\/p>\n<p><strong>Abordagem e destino do material<\/strong><\/p>\n<p>Os agentes federais abordaram uma caminhonete Strada, com placas de Dourados (MS), e localizaram o compartimento de carga totalmente preenchido por caixas de cigarros estrangeiros. Ao serem questionados pelas autoridades, o condutor e o passageiro confessaram que faziam o transporte da mercadoria il\u00edcita com o objetivo direto de descarregar e distribuir o lote em Palmeira das Miss\u00f5es.<\/p>\n<p><strong>Perfil dos suspeitos e procedimentos<\/strong><\/p>\n<p>O motorista, de 45 anos, natural de Maravilha (SC), j\u00e1 havia sido preso pelo crime de contrabando no decorrer deste ano. Ele viajava acompanhado de um homem de 59 anos, natural de Descanso (SC). Diante do flagrante, os dois ocupantes foram detidos e conduzidos com o ve\u00edculo e o material apreendido at\u00e9 a delegacia de Pol\u00edcia Federal em Santo \u00c2ngelo para o registro da ocorr\u00eancia.<\/p>\n<\/div>\n<\/div>\n<\/div>\n<div class=\"fonte\"><em>Fonte: Ramon Mendes &#8211; Jornalismo RP \/ Pol\u00edcia Rodovi\u00e1ria Federal (PRF)<\/em><\/div>\n<\/div>","protected":false},"excerpt":{"rendered":"<p>Dois homens foram presos na BR-386 transportando a carga il\u00edcita destinada ao munic\u00edpio Uma carga com mais de 10 mil ma\u00e7os de cigarros contrabandeados que tinha como destino o munic\u00edpio&#8230;<\/p>","protected":false},"author":2,"featured_media":73384,"comment_status":"closed","ping_status":"closed","sticky":false,"template":"","format":"standard","meta":{"ngg_post_thumbnail":0,"footnotes":""},"categories":[28,33,43],"tags":[],"class_list":["post-73383","post","type-post","status-publish","format-standard","has-post-thumbnail","hentry","category-destaque","category-noticias","category-regiao"],"amp_enabled":true,"_links":{"self":[{"href":"https:\/\/www2.comunitaria.com.br\/en\/wp-json\/wp\/v2\/posts\/73383","targetHints":{"allow":["GET"]}}],"collection":[{"href":"https:\/\/www2.comunitaria.com.br\/en\/wp-json\/wp\/v2\/posts"}],"about":[{"href":"https:\/\/www2.comunitaria.com.br\/en\/wp-json\/wp\/v2\/types\/post"}],"author":[{"embeddable":true,"href":"https:\/\/www2.comunitaria.com.br\/en\/wp-json\/wp\/v2\/users\/2"}],"replies":[{"embeddable":true,"href":"https:\/\/www2.comunitaria.com.br\/en\/wp-json\/wp\/v2\/comments?post=73383"}],"version-history":[{"count":0,"href":"https:\/\/www2.comunitaria.com.br\/en\/wp-json\/wp\/v2\/posts\/73383\/revisions"}],"wp:featuredmedia":[{"embeddable":true,"href":"https:\/\/www2.comunitaria.com.br\/en\/wp-json\/wp\/v2\/media\/73384"}],"wp:attachment":[{"href":"https:\/\/www2.comunitaria.com.br\/en\/wp-json\/wp\/v2\/media?parent=73383"}],"wp:term":[{"taxonomy":"category","embeddable":true,"href":"https:\/\/www2.comunitaria.com.br\/en\/wp-json\/wp\/v2\/categories?post=73383"},{"taxonomy":"post_tag","embeddable":true,"href":"https:\/\/www2.comunitaria.com.br\/en\/wp-json\/wp\/v2\/tags?post=73383"}],"curies":[{"name":"wp","href":"https:\/\/api.w.org\/{rel}","templated":true}]}}