{"id":73381,"date":"2026-08-26T15:44:34","date_gmt":"2026-08-26T17:44:34","guid":{"rendered":"https:\/\/www2.comunitaria.com.br\/?p=73381"},"modified":"2026-08-26T15:44:34","modified_gmt":"2026-08-26T17:44:34","slug":"profissionais-da-educacao-de-frederico-westphalen-participam-de-palestra-as-nossas-divergencias","status":"publish","type":"post","link":"https:\/\/www2.comunitaria.com.br\/en\/profissionais-da-educacao-de-frederico-westphalen-participam-de-palestra-as-nossas-divergencias\/","title":{"rendered":"Profissionais da Educa\u00e7\u00e3o de Frederico Westphalen participam de palestra \u201cAs Nossas Diverg\u00eancias\u201d"},"content":{"rendered":"<p>Na noite desta ter\u00e7a-feira, 25 de agosto, familiares, professores, monitores e demais profissionais da Educa\u00e7\u00e3o de Frederico Westphalen participaram da palestra \u201cAs Nossas Diverg\u00eancias\u201d, ministrada pelo m\u00e9dico psiquiatra Augusto Ferreira G\u00f6ller. O encontro foi realizado no Centro Cultural 25 de Julho e integrou a programa\u00e7\u00e3o da V Semana Municipal da Pessoa com Defici\u00eancia Intelectual e M\u00faltipla.<\/p>\n<p>A programa\u00e7\u00e3o teve in\u00edcio com uma apresenta\u00e7\u00e3o especial realizada pelas artistas Joissara Ghesti e Larissa Andreatto, da APAE de Frederico Westphalen, que apresentaram a dan\u00e7a contempor\u00e2nea \u201cEm um Mundo Down!\u201d, com coreografia da professora Ana Jacqueline Nunes. A apresenta\u00e7\u00e3o trouxe ao p\u00fablico um momento de express\u00e3o art\u00edstica, valoriza\u00e7\u00e3o da diversidade e reflex\u00e3o sobre a inclus\u00e3o.<\/p>\n<p>Tamb\u00e9m fez parte da abertura o Grupo de Flauta da Escola, integrante do projeto \u201cMelodias que Saem das Salas de Aula\u201d e coordenado pelo professor Juliano Maciel. A iniciativa transforma o aprendizado musical em momentos de express\u00e3o criativa, conviv\u00eancia e desenvolvimento dos estudantes, proporcionando experi\u00eancias que aproximam a educa\u00e7\u00e3o, a arte e a cultura.<\/p>\n<p>Ap\u00f3s as apresenta\u00e7\u00f5es, o p\u00fablico acompanhou a palestra \u201cAs Nossas Diverg\u00eancias\u201d, conduzida pelo m\u00e9dico psiquiatra Augusto Ferreira G\u00f6ller. A atividade abordou aspectos relacionados \u00e0s diferentes formas de compreender e lidar com as singularidades presentes no ambiente escolar, trazendo reflex\u00f5es importantes para o cotidiano dos profissionais da Educa\u00e7\u00e3o.<\/p>\n<p>A tem\u00e1tica esteve diretamente relacionada aos desafios enfrentados por professores, monitores e demais profissionais no desenvolvimento de pr\u00e1ticas que considerem as necessidades e caracter\u00edsticas individuais dos estudantes. O momento tamb\u00e9m possibilitou a amplia\u00e7\u00e3o dos conhecimentos sobre inclus\u00e3o, acolhimento e conviv\u00eancia com as diferen\u00e7as no espa\u00e7o educacional.<\/p>\n<p>Promovida pela Secretaria Municipal de Educa\u00e7\u00e3o de Frederico Westphalen, a atividade refor\u00e7a o compromisso com a forma\u00e7\u00e3o continuada dos profissionais da rede municipal e com a promo\u00e7\u00e3o de uma educa\u00e7\u00e3o inclusiva, acolhedora e comprometida com a valoriza\u00e7\u00e3o das potencialidades de cada estudante.<\/p>","protected":false},"excerpt":{"rendered":"<p>Na noite desta ter\u00e7a-feira, 25 de agosto, familiares, professores, monitores e demais profissionais da Educa\u00e7\u00e3o de Frederico Westphalen participaram da palestra \u201cAs Nossas Diverg\u00eancias\u201d, ministrada pelo m\u00e9dico psiquiatra Augusto Ferreira&#8230;<\/p>","protected":false},"author":2,"featured_media":73382,"comment_status":"closed","ping_status":"closed","sticky":false,"template":"","format":"standard","meta":{"ngg_post_thumbnail":0,"footnotes":""},"categories":[42,28,33],"tags":[],"class_list":["post-73381","post","type-post","status-publish","format-standard","has-post-thumbnail","hentry","category-fred-west","category-destaque","category-noticias"],"amp_enabled":true,"_links":{"self":[{"href":"https:\/\/www2.comunitaria.com.br\/en\/wp-json\/wp\/v2\/posts\/73381","targetHints":{"allow":["GET"]}}],"collection":[{"href":"https:\/\/www2.comunitaria.com.br\/en\/wp-json\/wp\/v2\/posts"}],"about":[{"href":"https:\/\/www2.comunitaria.com.br\/en\/wp-json\/wp\/v2\/types\/post"}],"author":[{"embeddable":true,"href":"https:\/\/www2.comunitaria.com.br\/en\/wp-json\/wp\/v2\/users\/2"}],"replies":[{"embeddable":true,"href":"https:\/\/www2.comunitaria.com.br\/en\/wp-json\/wp\/v2\/comments?post=73381"}],"version-history":[{"count":0,"href":"https:\/\/www2.comunitaria.com.br\/en\/wp-json\/wp\/v2\/posts\/73381\/revisions"}],"wp:featuredmedia":[{"embeddable":true,"href":"https:\/\/www2.comunitaria.com.br\/en\/wp-json\/wp\/v2\/media\/73382"}],"wp:attachment":[{"href":"https:\/\/www2.comunitaria.com.br\/en\/wp-json\/wp\/v2\/media?parent=73381"}],"wp:term":[{"taxonomy":"category","embeddable":true,"href":"https:\/\/www2.comunitaria.com.br\/en\/wp-json\/wp\/v2\/categories?post=73381"},{"taxonomy":"post_tag","embeddable":true,"href":"https:\/\/www2.comunitaria.com.br\/en\/wp-json\/wp\/v2\/tags?post=73381"}],"curies":[{"name":"wp","href":"https:\/\/api.w.org\/{rel}","templated":true}]}}