{"id":73356,"date":"2026-08-26T14:46:18","date_gmt":"2026-08-26T16:46:18","guid":{"rendered":"https:\/\/www2.comunitaria.com.br\/?p=73356"},"modified":"2026-08-26T14:46:18","modified_gmt":"2026-08-26T16:46:18","slug":"corsan-abre-vagas-de-trabalho-para-frederico-westphalen-e-outros-municipios-gauchos","status":"publish","type":"post","link":"https:\/\/www2.comunitaria.com.br\/en\/corsan-abre-vagas-de-trabalho-para-frederico-westphalen-e-outros-municipios-gauchos\/","title":{"rendered":"Corsan abre vagas de trabalho para Frederico Westphalen e outros munic\u00edpios ga\u00fachos"},"content":{"rendered":"<div class=\"tituloAuxiliar\"><em>Oportunidades abrangem \u00e1reas operacionais, administrativas e de engenharia para acompanhar expans\u00e3o de obras no Estado<\/em><\/div>\n<div class=\"data d-md-flex h-100 justify-content-evenly\">\n<div class=\"html\">\n<p>Uma concession\u00e1ria de servi\u00e7os de saneamento abriu processo seletivo com 250 vagas de trabalho distribu\u00eddas em 15 munic\u00edpios do Rio Grande do Sul. As oportunidades abrangem cargos em setores administrativos, comerciais, engenharia, recursos humanos, seguran\u00e7a do trabalho, opera\u00e7\u00f5es, eletromec\u00e2nica e tecnologia, al\u00e9m de ofertas de est\u00e1gio na \u00e1rea de Qu\u00edmica.<\/p>\n<p>A sele\u00e7\u00e3o visa atender ao aumento da demanda operacional e ao avan\u00e7o das obras de infraestrutura h\u00eddrica e esgotamento sanit\u00e1rio na regi\u00e3o. As vagas est\u00e3o concentradas em munic\u00edpios como&nbsp;<strong>Frederico Westphalen<\/strong>, Porto Alegre, Santa Maria, Bento Gon\u00e7alves, Alegrete, Camaqu\u00e3, Canoas, Esteio, Iju\u00ed, Soledade, Imb\u00e9, Marau, Lagoa Vermelha, Sananduva e Triunfo.<\/p>\n<h3><strong>Diversidade de cargos e investimentos no setor<\/strong><\/h3>\n<p>Entre as fun\u00e7\u00f5es ofertadas est\u00e3o postos para agentes comerciais, assistentes administrativos para pessoas com defici\u00eancia, compradores, operadores de esta\u00e7\u00f5es de tratamento de \u00e1gua e efluentes, mec\u00e2nicos de manuten\u00e7\u00e3o, t\u00e9cnicos eletroeletr\u00f4nicos e supervisores. A mobiliza\u00e7\u00e3o de novos trabalhadores acompanha o ciclo de expans\u00e3o das redes e a moderniza\u00e7\u00e3o dos sistemas de tratamento no Estado.<\/p>\n<p>Para preencher o quadro funcional, a empresa realiza mutir\u00f5es regionais de empregabilidade e mant\u00e9m cadastros espec\u00edficos para profissionais com mais de 50 anos e pessoas com defici\u00eancia. Os contratados passam por programas de capacita\u00e7\u00e3o e treinamento operacional voltados \u00e0s novas tecnologias de automa\u00e7\u00e3o e monitoramento de servi\u00e7os.<\/p>\n<p>As inscri\u00e7\u00f5es e o detalhamento dos requisitos est\u00e3o dispon\u00edveis na plataforma digital de carreiras da institui\u00e7\u00e3o:&nbsp;<strong><a href=\"http:\/\/vagascorsanaegea.gupy.io\/\">vagascorsanaegea.gupy.io<\/a><\/strong><\/p>\n<p><em>Fonte: R\u00e1dio Luz e Alegria<\/em><\/p>\n<\/div>\n<\/div>","protected":false},"excerpt":{"rendered":"<p>Oportunidades abrangem \u00e1reas operacionais, administrativas e de engenharia para acompanhar expans\u00e3o de obras no Estado Uma concession\u00e1ria de servi\u00e7os de saneamento abriu processo seletivo com 250 vagas de trabalho distribu\u00eddas&#8230;<\/p>","protected":false},"author":2,"featured_media":73357,"comment_status":"closed","ping_status":"closed","sticky":false,"template":"","format":"standard","meta":{"ngg_post_thumbnail":0,"footnotes":""},"categories":[42,28,33],"tags":[],"class_list":["post-73356","post","type-post","status-publish","format-standard","has-post-thumbnail","hentry","category-fred-west","category-destaque","category-noticias"],"amp_enabled":true,"_links":{"self":[{"href":"https:\/\/www2.comunitaria.com.br\/en\/wp-json\/wp\/v2\/posts\/73356","targetHints":{"allow":["GET"]}}],"collection":[{"href":"https:\/\/www2.comunitaria.com.br\/en\/wp-json\/wp\/v2\/posts"}],"about":[{"href":"https:\/\/www2.comunitaria.com.br\/en\/wp-json\/wp\/v2\/types\/post"}],"author":[{"embeddable":true,"href":"https:\/\/www2.comunitaria.com.br\/en\/wp-json\/wp\/v2\/users\/2"}],"replies":[{"embeddable":true,"href":"https:\/\/www2.comunitaria.com.br\/en\/wp-json\/wp\/v2\/comments?post=73356"}],"version-history":[{"count":0,"href":"https:\/\/www2.comunitaria.com.br\/en\/wp-json\/wp\/v2\/posts\/73356\/revisions"}],"wp:featuredmedia":[{"embeddable":true,"href":"https:\/\/www2.comunitaria.com.br\/en\/wp-json\/wp\/v2\/media\/73357"}],"wp:attachment":[{"href":"https:\/\/www2.comunitaria.com.br\/en\/wp-json\/wp\/v2\/media?parent=73356"}],"wp:term":[{"taxonomy":"category","embeddable":true,"href":"https:\/\/www2.comunitaria.com.br\/en\/wp-json\/wp\/v2\/categories?post=73356"},{"taxonomy":"post_tag","embeddable":true,"href":"https:\/\/www2.comunitaria.com.br\/en\/wp-json\/wp\/v2\/tags?post=73356"}],"curies":[{"name":"wp","href":"https:\/\/api.w.org\/{rel}","templated":true}]}}