{"id":73354,"date":"2026-08-26T14:43:12","date_gmt":"2026-08-26T16:43:12","guid":{"rendered":"https:\/\/www2.comunitaria.com.br\/?p=73354"},"modified":"2026-08-26T14:43:12","modified_gmt":"2026-08-26T16:43:12","slug":"acidente-entre-carro-e-moto-deixa-uma-pessoa-ferida-em-palmeira-das-missoes","status":"publish","type":"post","link":"https:\/\/www2.comunitaria.com.br\/en\/acidente-entre-carro-e-moto-deixa-uma-pessoa-ferida-em-palmeira-das-missoes\/","title":{"rendered":"Acidente entre carro e moto deixa uma pessoa ferida em Palmeira das Miss\u00f5es"},"content":{"rendered":"<div class=\"tituloAuxiliar\"><em>Colis\u00e3o aconteceu no cruzamento da Avenida Independ\u00eancia com a Rua Gaspar Silveira Martins e mobilizou equipes de emerg\u00eancia<\/em><\/div>\n<div>\n<div class=\"html\">\n<p>Um acidente de tr\u00e2nsito envolvendo um autom\u00f3vel Celta e uma motocicleta Honda Biz deixou uma pessoa ferida na tarde dessa ter\u00e7a-feira (25), em Palmeira das Miss\u00f5es. A colis\u00e3o aconteceu no cruzamento da Avenida Independ\u00eancia com a Rua Gaspar Silveira Martins.<\/p>\n<p>O condutor da motocicleta ficou ferido e foi atendido pelo Corpo de Bombeiros Militar. Ap\u00f3s os primeiros procedimentos no local, ele foi encaminhado ao Hospital de Caridade de Palmeira das Miss\u00f5es para atendimento m\u00e9dico.<\/p>\n<p>No momento do acidente, equipes da Rio Grande Energia (RGE) realizavam servi\u00e7os de manuten\u00e7\u00e3o na rede el\u00e9trica em um trecho pr\u00f3ximo da avenida. Por causa dos trabalhos, havia um desvio de tr\u00e2nsito devidamente sinalizado, e o fluxo de ve\u00edculos estava lento na regi\u00e3o.<\/p>\n<p>As circunst\u00e2ncias da colis\u00e3o ainda n\u00e3o foram esclarecidas e dever\u00e3o ser apuradas. N\u00e3o foram divulgadas informa\u00e7\u00f5es sobre a gravidade dos ferimentos do motociclista.<\/p>\n<\/div>\n<div class=\"fonte\"><em>Fonte: Sid Farias &#8211; Jornalismo RP<\/em><\/div>\n<\/div>\n<div class=\"data d-md-flex h-100 justify-content-evenly\">&nbsp;<\/div>","protected":false},"excerpt":{"rendered":"<p>Colis\u00e3o aconteceu no cruzamento da Avenida Independ\u00eancia com a Rua Gaspar Silveira Martins e mobilizou equipes de emerg\u00eancia Um acidente de tr\u00e2nsito envolvendo um autom\u00f3vel Celta e uma motocicleta Honda&#8230;<\/p>","protected":false},"author":2,"featured_media":73355,"comment_status":"closed","ping_status":"closed","sticky":false,"template":"","format":"standard","meta":{"ngg_post_thumbnail":0,"footnotes":""},"categories":[28,33,43],"tags":[],"class_list":["post-73354","post","type-post","status-publish","format-standard","has-post-thumbnail","hentry","category-destaque","category-noticias","category-regiao"],"amp_enabled":true,"_links":{"self":[{"href":"https:\/\/www2.comunitaria.com.br\/en\/wp-json\/wp\/v2\/posts\/73354","targetHints":{"allow":["GET"]}}],"collection":[{"href":"https:\/\/www2.comunitaria.com.br\/en\/wp-json\/wp\/v2\/posts"}],"about":[{"href":"https:\/\/www2.comunitaria.com.br\/en\/wp-json\/wp\/v2\/types\/post"}],"author":[{"embeddable":true,"href":"https:\/\/www2.comunitaria.com.br\/en\/wp-json\/wp\/v2\/users\/2"}],"replies":[{"embeddable":true,"href":"https:\/\/www2.comunitaria.com.br\/en\/wp-json\/wp\/v2\/comments?post=73354"}],"version-history":[{"count":0,"href":"https:\/\/www2.comunitaria.com.br\/en\/wp-json\/wp\/v2\/posts\/73354\/revisions"}],"wp:featuredmedia":[{"embeddable":true,"href":"https:\/\/www2.comunitaria.com.br\/en\/wp-json\/wp\/v2\/media\/73355"}],"wp:attachment":[{"href":"https:\/\/www2.comunitaria.com.br\/en\/wp-json\/wp\/v2\/media?parent=73354"}],"wp:term":[{"taxonomy":"category","embeddable":true,"href":"https:\/\/www2.comunitaria.com.br\/en\/wp-json\/wp\/v2\/categories?post=73354"},{"taxonomy":"post_tag","embeddable":true,"href":"https:\/\/www2.comunitaria.com.br\/en\/wp-json\/wp\/v2\/tags?post=73354"}],"curies":[{"name":"wp","href":"https:\/\/api.w.org\/{rel}","templated":true}]}}