{"id":73350,"date":"2026-08-25T21:44:58","date_gmt":"2026-08-25T23:44:58","guid":{"rendered":"https:\/\/www2.comunitaria.com.br\/?p=73350"},"modified":"2026-08-25T21:44:58","modified_gmt":"2026-08-25T23:44:58","slug":"prefeitura-de-seberi-abre-processo-seletivo-simplificado-para-contratacao-temporaria","status":"publish","type":"post","link":"https:\/\/www2.comunitaria.com.br\/en\/prefeitura-de-seberi-abre-processo-seletivo-simplificado-para-contratacao-temporaria\/","title":{"rendered":"Prefeitura de Seberi abre processo seletivo simplificado para contrata\u00e7\u00e3o tempor\u00e1ria"},"content":{"rendered":"<div class=\"tituloAuxiliar\"><em>Sele\u00e7\u00e3o prev\u00ea vagas para professores e dom\u00e9stica, com inscri\u00e7\u00f5es presenciais na Secretaria de Administra\u00e7\u00e3o at\u00e9 31 de agosto<\/em><\/div>\n<div>\n<div class=\"html\">\n<p>A Prefeitura Municipal de Seberi est\u00e1 com inscri\u00e7\u00f5es abertas para o Processo Seletivo Simplificado n\u00ba 06\/2026, voltado \u00e0 contrata\u00e7\u00e3o tempor\u00e1ria emergencial de profissionais. As oportunidades contemplam o cargo de Dom\u00e9stica, com jornada de 40 horas semanais, e o cargo de Professor de Educa\u00e7\u00e3o Infantil e Anos Iniciais do Ensino Fundamental, com carga hor\u00e1ria de 20 horas semanais.<\/p>\n<p>Os interessados t\u00eam at\u00e9 o dia 31 de agosto de 2026 para efetuar a inscri\u00e7\u00e3o presencialmente na Secretaria de Administra\u00e7\u00e3o e Planejamento. O atendimento ocorre no pr\u00e9dio da Prefeitura Municipal, localizado na Avenida General Flores da Cunha, n\u00ba 831, no Centro da cidade.<\/p>\n<p>Os requisitos completos, a lista de documentos exigidos e os crit\u00e9rios de sele\u00e7\u00e3o est\u00e3o dispon\u00edveis para consulta detalhada no Edital de Processo Seletivo Simplificado n\u00ba 06\/2026.<\/p>\n<\/div>\n<div class=\"fonte\"><em>Fonte: Ramon Mendes &#8211; Jornalismo R\u00e1dio Fortaleza<\/em><\/div>\n<\/div>\n<div class=\"data d-md-flex h-100 justify-content-evenly\">&nbsp;<\/div>","protected":false},"excerpt":{"rendered":"<p>Sele\u00e7\u00e3o prev\u00ea vagas para professores e dom\u00e9stica, com inscri\u00e7\u00f5es presenciais na Secretaria de Administra\u00e7\u00e3o at\u00e9 31 de agosto A Prefeitura Municipal de Seberi est\u00e1 com inscri\u00e7\u00f5es abertas para o Processo&#8230;<\/p>","protected":false},"author":2,"featured_media":73351,"comment_status":"closed","ping_status":"closed","sticky":false,"template":"","format":"standard","meta":{"ngg_post_thumbnail":0,"footnotes":""},"categories":[28,33,43],"tags":[],"class_list":["post-73350","post","type-post","status-publish","format-standard","has-post-thumbnail","hentry","category-destaque","category-noticias","category-regiao"],"amp_enabled":true,"_links":{"self":[{"href":"https:\/\/www2.comunitaria.com.br\/en\/wp-json\/wp\/v2\/posts\/73350","targetHints":{"allow":["GET"]}}],"collection":[{"href":"https:\/\/www2.comunitaria.com.br\/en\/wp-json\/wp\/v2\/posts"}],"about":[{"href":"https:\/\/www2.comunitaria.com.br\/en\/wp-json\/wp\/v2\/types\/post"}],"author":[{"embeddable":true,"href":"https:\/\/www2.comunitaria.com.br\/en\/wp-json\/wp\/v2\/users\/2"}],"replies":[{"embeddable":true,"href":"https:\/\/www2.comunitaria.com.br\/en\/wp-json\/wp\/v2\/comments?post=73350"}],"version-history":[{"count":0,"href":"https:\/\/www2.comunitaria.com.br\/en\/wp-json\/wp\/v2\/posts\/73350\/revisions"}],"wp:featuredmedia":[{"embeddable":true,"href":"https:\/\/www2.comunitaria.com.br\/en\/wp-json\/wp\/v2\/media\/73351"}],"wp:attachment":[{"href":"https:\/\/www2.comunitaria.com.br\/en\/wp-json\/wp\/v2\/media?parent=73350"}],"wp:term":[{"taxonomy":"category","embeddable":true,"href":"https:\/\/www2.comunitaria.com.br\/en\/wp-json\/wp\/v2\/categories?post=73350"},{"taxonomy":"post_tag","embeddable":true,"href":"https:\/\/www2.comunitaria.com.br\/en\/wp-json\/wp\/v2\/tags?post=73350"}],"curies":[{"name":"wp","href":"https:\/\/api.w.org\/{rel}","templated":true}]}}