{"id":73342,"date":"2026-08-24T11:22:51","date_gmt":"2026-08-24T13:22:51","guid":{"rendered":"https:\/\/www2.comunitaria.com.br\/?p=73342"},"modified":"2026-08-24T11:22:51","modified_gmt":"2026-08-24T13:22:51","slug":"sesc-frederico-westphalen-integra-campanha-banco-vermelho-de-combate-ao-feminicidio","status":"publish","type":"post","link":"https:\/\/www2.comunitaria.com.br\/en\/sesc-frederico-westphalen-integra-campanha-banco-vermelho-de-combate-ao-feminicidio\/","title":{"rendered":"Sesc Frederico Westphalen integra Campanha Banco Vermelho de combate ao feminic\u00eddio"},"content":{"rendered":"<p><em>&nbsp;Iniciativa do Agosto Lil\u00e1s utiliza espa\u00e7o da unidade para ampliar a conscientiza\u00e7\u00e3o sobre a viol\u00eancia contra a mulher e fortalecer a cultura de preven\u00e7\u00e3o<\/em><\/p>\n<p dir=\"ltr\">O Sesc Frederico Westphalen aderiu \u00e0 Campanha Banco Vermelho, iniciativa de conscientiza\u00e7\u00e3o e mobiliza\u00e7\u00e3o pelo enfrentamento \u00e0 viol\u00eancia contra a mulher e ao feminic\u00eddio. A a\u00e7\u00e3o integra a programa\u00e7\u00e3o do Agosto Lil\u00e1s e permanece na unidade at\u00e9 31 de agosto, no espa\u00e7o localizado em frente \u00e0 biblioteca e \u00e0 academia do Sesc (Rua Arthur Milani, 854).&nbsp;<\/p>\n<p dir=\"ltr\">O banco instalado na unidade busca chamar a aten\u00e7\u00e3o de colaboradores, clientes e comunidade para a import\u00e2ncia da preven\u00e7\u00e3o, do acolhimento e enfrentamento \u00e0s diferentes formas de viol\u00eancia contra a mulher. Acompanhado da mensagem \u201cNossa luta \u00e9 pela vida de todas. Sentar e refletir, levantar e agir\u201d, o banco vermelho transforma um espa\u00e7o cotidiano em um ponto permanente de reflex\u00e3o e mobiliza\u00e7\u00e3o. A iniciativa teve origem na It\u00e1lia, em 2016, e foi institu\u00edda no Brasil pela Lei n\u00ba 14.942, de 31 de julho de 2024.&nbsp;<\/p>\n<p dir=\"ltr\">Para a diretora do Sesc Frederico Westphalen, Josiane Ritter, levar o s\u00edmbolo para dentro da unidade tamb\u00e9m significa ampliar o debate para al\u00e9m do per\u00edodo do Agosto Lil\u00e1s. \u201cA instala\u00e7\u00e3o do Banco Vermelho representa um convite para que a comunidade pare, reflita e se mobilize diante de uma realidade que n\u00e3o pode ser ignorada. Queremos que esse espa\u00e7o seja um lembrete permanente de que o enfrentamento \u00e0 viol\u00eancia contra a mulher depende de informa\u00e7\u00e3o, acolhimento e da participa\u00e7\u00e3o de toda a sociedade. Ao trazer essa discuss\u00e3o para dentro do Sesc, refor\u00e7amos nosso compromisso com a promo\u00e7\u00e3o do respeito, da prote\u00e7\u00e3o e dos direitos das mulheres\u201d, ressalta.&nbsp;<\/p>\n<p dir=\"ltr\">Al\u00e9m do banco, o Sesc Frederico Westphalen promove durante o Agosto Lil\u00e1s a Estante Lil\u00e1s, com obras que abordam protagonismo feminino, direitos e enfrentamento \u00e0 viol\u00eancia. Na segunda-feira, 24, a unidade tamb\u00e9m realiza uma media\u00e7\u00e3o de leitura e roda de conversa sobre o tema, ampliando as a\u00e7\u00f5es de informa\u00e7\u00e3o e sensibiliza\u00e7\u00e3o junto \u00e0 comunidade.&nbsp;<\/p>\n<p dir=\"ltr\">Dessa forma, a Campanha Banco Vermelho refor\u00e7a a atua\u00e7\u00e3o do Sesc Frederico Westphalen na promo\u00e7\u00e3o de a\u00e7\u00f5es de conscientiza\u00e7\u00e3o e na cria\u00e7\u00e3o de espa\u00e7os de informa\u00e7\u00e3o e di\u00e1logo. Mais informa\u00e7\u00f5es atrav\u00e9s do n\u00famero (55) 3744-7450.&nbsp;<\/p>","protected":false},"excerpt":{"rendered":"<p>&nbsp;Iniciativa do Agosto Lil\u00e1s utiliza espa\u00e7o da unidade para ampliar a conscientiza\u00e7\u00e3o sobre a viol\u00eancia contra a mulher e fortalecer a cultura de preven\u00e7\u00e3o O Sesc Frederico Westphalen aderiu \u00e0&#8230;<\/p>","protected":false},"author":2,"featured_media":73343,"comment_status":"closed","ping_status":"closed","sticky":false,"template":"","format":"standard","meta":{"ngg_post_thumbnail":0,"footnotes":""},"categories":[42,28,33],"tags":[],"class_list":["post-73342","post","type-post","status-publish","format-standard","has-post-thumbnail","hentry","category-fred-west","category-destaque","category-noticias"],"amp_enabled":true,"_links":{"self":[{"href":"https:\/\/www2.comunitaria.com.br\/en\/wp-json\/wp\/v2\/posts\/73342","targetHints":{"allow":["GET"]}}],"collection":[{"href":"https:\/\/www2.comunitaria.com.br\/en\/wp-json\/wp\/v2\/posts"}],"about":[{"href":"https:\/\/www2.comunitaria.com.br\/en\/wp-json\/wp\/v2\/types\/post"}],"author":[{"embeddable":true,"href":"https:\/\/www2.comunitaria.com.br\/en\/wp-json\/wp\/v2\/users\/2"}],"replies":[{"embeddable":true,"href":"https:\/\/www2.comunitaria.com.br\/en\/wp-json\/wp\/v2\/comments?post=73342"}],"version-history":[{"count":0,"href":"https:\/\/www2.comunitaria.com.br\/en\/wp-json\/wp\/v2\/posts\/73342\/revisions"}],"wp:featuredmedia":[{"embeddable":true,"href":"https:\/\/www2.comunitaria.com.br\/en\/wp-json\/wp\/v2\/media\/73343"}],"wp:attachment":[{"href":"https:\/\/www2.comunitaria.com.br\/en\/wp-json\/wp\/v2\/media?parent=73342"}],"wp:term":[{"taxonomy":"category","embeddable":true,"href":"https:\/\/www2.comunitaria.com.br\/en\/wp-json\/wp\/v2\/categories?post=73342"},{"taxonomy":"post_tag","embeddable":true,"href":"https:\/\/www2.comunitaria.com.br\/en\/wp-json\/wp\/v2\/tags?post=73342"}],"curies":[{"name":"wp","href":"https:\/\/api.w.org\/{rel}","templated":true}]}}