{"id":73325,"date":"2026-08-21T12:01:53","date_gmt":"2026-08-21T14:01:53","guid":{"rendered":"https:\/\/www2.comunitaria.com.br\/?p=73325"},"modified":"2026-08-21T12:01:53","modified_gmt":"2026-08-21T14:01:53","slug":"ametista-do-sul-reune-120-mulheres-em-encontro-do-agosto-lilas","status":"publish","type":"post","link":"https:\/\/www2.comunitaria.com.br\/en\/ametista-do-sul-reune-120-mulheres-em-encontro-do-agosto-lilas\/","title":{"rendered":"Ametista do Sul re\u00fane 120 mulheres em encontro do Agosto Lil\u00e1s"},"content":{"rendered":"<div class=\"tituloAuxiliar\"><em>Evento promovido pela Procuradoria da Mulher abordou o ciclo da viol\u00eancia, os sinais de alerta e os caminhos para buscar ajuda<\/em><\/div>\n<div class=\"data d-md-flex h-100 justify-content-evenly\">\n<div class=\"html\">\n<p>A Procuradoria da Mulher da C\u00e2mara de Vereadores de Ametista do Sul promoveu, na tarde desta quinta-feira (20), o encontro \u201cCoragem para Romper o Ciclo\u201d, dentro da programa\u00e7\u00e3o do Agosto Lil\u00e1s. A atividade reuniu 120 mulheres em um momento de conscientiza\u00e7\u00e3o, di\u00e1logo e fortalecimento da rede de prote\u00e7\u00e3o e apoio \u00e0s mulheres.<\/p>\n<p>O encontro contou com a participa\u00e7\u00e3o de autoridades, lideran\u00e7as e representantes de entidades. Entre os presentes estiveram o prefeito de Ametista do Sul, Gilmar da Silva, que fez uso da palavra, e a presidente da C\u00e2mara de Vereadores de Planalto, Janete dos Santos Martins, que destacou a import\u00e2ncia da uni\u00e3o entre os Legislativos municipais.<\/p>\n<p><strong>Palestra abordou ciclo da viol\u00eancia<\/strong><\/p>\n<p>O principal momento da programa\u00e7\u00e3o foi a palestra \u201cCoragem para Romper o Ciclo\u201d, conduzida por J\u00e9ssica Lais Martinelli, agente da Pol\u00edcia Civil de Santa Catarina, escritora, palestrante e formadora.<\/p>\n<p>Com experi\u00eancia em situa\u00e7\u00f5es relacionadas \u00e0 viol\u00eancia contra a mulher, viol\u00eancia dom\u00e9stica, abuso sexual infantil e conflitos familiares, a palestrante abordou os mecanismos do ciclo da viol\u00eancia, os sinais de alerta, a depend\u00eancia emocional e os caminhos dispon\u00edveis para que as v\u00edtimas possam buscar ajuda e romper situa\u00e7\u00f5es de viol\u00eancia.<\/p>\n<p><strong>Informa\u00e7\u00e3o e acolhimento<\/strong><\/p>\n<p>A atividade refor\u00e7ou a import\u00e2ncia da informa\u00e7\u00e3o, do acolhimento e da atua\u00e7\u00e3o conjunta da sociedade na preven\u00e7\u00e3o e no enfrentamento \u00e0 viol\u00eancia contra a mulher.<\/p>\n<p>A procuradora da Mulher de Ametista do Sul, vereadora Mauricia Schmidt Gheno, agradeceu a participa\u00e7\u00e3o das 120 mulheres, das autoridades, da palestrante, entidades, servidores e demais envolvidos na realiza\u00e7\u00e3o do encontro.<\/p>\n<p>Segundo ela, a iniciativa reafirma o compromisso da Procuradoria da Mulher com a escuta, a orienta\u00e7\u00e3o, o acolhimento e a defesa dos direitos das mulheres.<\/p>\n<\/div>\n<div class=\"fonte\"><em>Fonte: Ramon Mendes &#8211; Jornalismo R\u00e1dio Ametista \/ ASCOM &#8211; C\u00e2mara de Vereadores de Ametista do Sul<\/em><\/div>\n<\/div>","protected":false},"excerpt":{"rendered":"<p>Evento promovido pela Procuradoria da Mulher abordou o ciclo da viol\u00eancia, os sinais de alerta e os caminhos para buscar ajuda A Procuradoria da Mulher da C\u00e2mara de Vereadores de&#8230;<\/p>","protected":false},"author":2,"featured_media":73326,"comment_status":"closed","ping_status":"closed","sticky":false,"template":"","format":"standard","meta":{"ngg_post_thumbnail":0,"footnotes":""},"categories":[28,33,43],"tags":[],"class_list":["post-73325","post","type-post","status-publish","format-standard","has-post-thumbnail","hentry","category-destaque","category-noticias","category-regiao"],"amp_enabled":true,"_links":{"self":[{"href":"https:\/\/www2.comunitaria.com.br\/en\/wp-json\/wp\/v2\/posts\/73325","targetHints":{"allow":["GET"]}}],"collection":[{"href":"https:\/\/www2.comunitaria.com.br\/en\/wp-json\/wp\/v2\/posts"}],"about":[{"href":"https:\/\/www2.comunitaria.com.br\/en\/wp-json\/wp\/v2\/types\/post"}],"author":[{"embeddable":true,"href":"https:\/\/www2.comunitaria.com.br\/en\/wp-json\/wp\/v2\/users\/2"}],"replies":[{"embeddable":true,"href":"https:\/\/www2.comunitaria.com.br\/en\/wp-json\/wp\/v2\/comments?post=73325"}],"version-history":[{"count":0,"href":"https:\/\/www2.comunitaria.com.br\/en\/wp-json\/wp\/v2\/posts\/73325\/revisions"}],"wp:featuredmedia":[{"embeddable":true,"href":"https:\/\/www2.comunitaria.com.br\/en\/wp-json\/wp\/v2\/media\/73326"}],"wp:attachment":[{"href":"https:\/\/www2.comunitaria.com.br\/en\/wp-json\/wp\/v2\/media?parent=73325"}],"wp:term":[{"taxonomy":"category","embeddable":true,"href":"https:\/\/www2.comunitaria.com.br\/en\/wp-json\/wp\/v2\/categories?post=73325"},{"taxonomy":"post_tag","embeddable":true,"href":"https:\/\/www2.comunitaria.com.br\/en\/wp-json\/wp\/v2\/tags?post=73325"}],"curies":[{"name":"wp","href":"https:\/\/api.w.org\/{rel}","templated":true}]}}