{"id":73232,"date":"2026-08-11T18:32:44","date_gmt":"2026-08-11T20:32:44","guid":{"rendered":"https:\/\/www2.comunitaria.com.br\/?p=73232"},"modified":"2026-08-11T18:32:44","modified_gmt":"2026-08-11T20:32:44","slug":"alpestre-adquire-duas-novas-fiat-strada-para-reforcar-frota-municipal","status":"publish","type":"post","link":"https:\/\/www2.comunitaria.com.br\/en\/alpestre-adquire-duas-novas-fiat-strada-para-reforcar-frota-municipal\/","title":{"rendered":"Alpestre adquire duas novas Fiat Strada para refor\u00e7ar frota municipal"},"content":{"rendered":"<div class=\"tituloAuxiliar\"><em>Ve\u00edculos 0 km representam investimento de R$ 294 mil e ser\u00e3o destinados \u00e0s Secretarias de Obras e Educa\u00e7\u00e3o<\/em><\/div>\n<div>\n<div class=\"html\">\n<p>O Munic\u00edpio de Alpestre ampliou e modernizou a frota municipal com a aquisi\u00e7\u00e3o de duas novas Fiat Strada, ano 2026 e modelo 2027. Os ve\u00edculos foram adquiridos por meio do Programa Renova\u00e7\u00e3o de Frotas.<\/p>\n<p>Cada caminhonete representa um investimento de R$ 147 mil, totalizando R$ 294 mil aplicados na renova\u00e7\u00e3o da frota. Os novos ve\u00edculos ser\u00e3o utilizados pelas Secretarias de Obras e de Educa\u00e7\u00e3o.<\/p>\n<p><strong>Novos ve\u00edculos refor\u00e7am estrutura das secretarias<\/strong><\/p>\n<p>A aquisi\u00e7\u00e3o tem como objetivo melhorar as condi\u00e7\u00f5es de trabalho das equipes municipais e proporcionar mais agilidade e efici\u00eancia na execu\u00e7\u00e3o dos servi\u00e7os p\u00fablicos.<\/p>\n<p>Com a renova\u00e7\u00e3o da frota, a Administra\u00e7\u00e3o Municipal busca ampliar a estrutura dispon\u00edvel para as secretarias e garantir melhores condi\u00e7\u00f5es para o atendimento das demandas da popula\u00e7\u00e3o.<\/p>\n<p>O investimento integra as a\u00e7\u00f5es do munic\u00edpio voltadas \u00e0 moderniza\u00e7\u00e3o da estrutura p\u00fablica e \u00e0 melhoria dos servi\u00e7os oferecidos \u00e0 comunidade de Alpestre.<\/p>\n<\/div>\n<div class=\"fonte\"><em>Fonte: Ramon Mendes &#8211; Jornalismo R\u00e1dio Ametista \/ ASCOM &#8211; Prefeitura Municipal de Alpestre<\/em><\/div>\n<\/div>\n<div class=\"data d-md-flex h-100 justify-content-evenly\">&nbsp;<\/div>","protected":false},"excerpt":{"rendered":"<p>Ve\u00edculos 0 km representam investimento de R$ 294 mil e ser\u00e3o destinados \u00e0s Secretarias de Obras e Educa\u00e7\u00e3o O Munic\u00edpio de Alpestre ampliou e modernizou a frota municipal com a&#8230;<\/p>","protected":false},"author":2,"featured_media":73233,"comment_status":"closed","ping_status":"closed","sticky":false,"template":"","format":"standard","meta":{"ngg_post_thumbnail":0,"footnotes":""},"categories":[28,33,43],"tags":[],"class_list":["post-73232","post","type-post","status-publish","format-standard","has-post-thumbnail","hentry","category-destaque","category-noticias","category-regiao"],"amp_enabled":true,"_links":{"self":[{"href":"https:\/\/www2.comunitaria.com.br\/en\/wp-json\/wp\/v2\/posts\/73232","targetHints":{"allow":["GET"]}}],"collection":[{"href":"https:\/\/www2.comunitaria.com.br\/en\/wp-json\/wp\/v2\/posts"}],"about":[{"href":"https:\/\/www2.comunitaria.com.br\/en\/wp-json\/wp\/v2\/types\/post"}],"author":[{"embeddable":true,"href":"https:\/\/www2.comunitaria.com.br\/en\/wp-json\/wp\/v2\/users\/2"}],"replies":[{"embeddable":true,"href":"https:\/\/www2.comunitaria.com.br\/en\/wp-json\/wp\/v2\/comments?post=73232"}],"version-history":[{"count":0,"href":"https:\/\/www2.comunitaria.com.br\/en\/wp-json\/wp\/v2\/posts\/73232\/revisions"}],"wp:featuredmedia":[{"embeddable":true,"href":"https:\/\/www2.comunitaria.com.br\/en\/wp-json\/wp\/v2\/media\/73233"}],"wp:attachment":[{"href":"https:\/\/www2.comunitaria.com.br\/en\/wp-json\/wp\/v2\/media?parent=73232"}],"wp:term":[{"taxonomy":"category","embeddable":true,"href":"https:\/\/www2.comunitaria.com.br\/en\/wp-json\/wp\/v2\/categories?post=73232"},{"taxonomy":"post_tag","embeddable":true,"href":"https:\/\/www2.comunitaria.com.br\/en\/wp-json\/wp\/v2\/tags?post=73232"}],"curies":[{"name":"wp","href":"https:\/\/api.w.org\/{rel}","templated":true}]}}