{"id":73226,"date":"2026-08-10T19:17:54","date_gmt":"2026-08-10T21:17:54","guid":{"rendered":"https:\/\/www2.comunitaria.com.br\/?p=73226"},"modified":"2026-08-10T19:17:54","modified_gmt":"2026-08-10T21:17:54","slug":"mulher-e-presa-por-porte-ilegal-de-arma-de-fogo-apos-denuncia-de-disparos-em-constantina","status":"publish","type":"post","link":"https:\/\/www2.comunitaria.com.br\/en\/mulher-e-presa-por-porte-ilegal-de-arma-de-fogo-apos-denuncia-de-disparos-em-constantina\/","title":{"rendered":"Mulher \u00e9 presa por porte ilegal de arma de fogo ap\u00f3s den\u00fancia de disparos em Constantina"},"content":{"rendered":"<div class=\"tituloAuxiliar\"><em>Pistola calibre .380, carregador, coldre e dois estojos deflagrados foram apreendidos durante abordagem na ERS-143<\/em><\/div>\n<div>\n<div class=\"html\">\n<p>Uma mulher foi presa por porte ilegal de arma de fogo na noite de s\u00e1bado (8), em Constantina. A pris\u00e3o foi realizada pela Brigada Militar, por meio do 38\u00ba Batalh\u00e3o de Pol\u00edcia Militar (38\u00ba BPM), ap\u00f3s uma den\u00fancia de disparos de arma de fogo no interior da Reserva Ind\u00edgena da Serrinha.<\/p>\n<p>Segundo a Brigada Militar, as informa\u00e7\u00f5es indicavam que ocupantes de um ve\u00edculo teriam efetuado os disparos e deixado o local. Durante as dilig\u00eancias, os policiais localizaram o autom\u00f3vel e realizaram a abordagem na ERS-143.<\/p>\n<p><strong>Pistola foi localizada durante revista<\/strong><\/p>\n<p>No in\u00edcio da averigua\u00e7\u00e3o, os policiais encontraram um coldre de pistola com um dos ocupantes. Com o apoio de outra guarni\u00e7\u00e3o, foi realizada a revista pessoal nas ocupantes do ve\u00edculo, quando uma pistola Taurus, calibre .380, foi localizada em posse de uma mulher.<\/p>\n<p>Al\u00e9m da arma, foram apreendidos um carregador, um coldre e dois estojos deflagrados do mesmo calibre.<\/p>\n<p>Os envolvidos foram encaminhados para atendimento m\u00e9dico e, posteriormente, apresentados na Delegacia de Pol\u00edcia de Pronto Atendimento (DPPA) de Carazinho, onde foram realizados os procedimentos legais cab\u00edveis.<\/p>\n<\/div>\n<div class=\"fonte\"><em>Fonte: Ramon Mendes &#8211; Jornalismo R\u00e1dio Ametista \/ 38\u00ba BPM &#8211; Brigada Militar do Rio Grande do Sul (BMRS)<\/em><\/div>\n<\/div>\n<div class=\"data d-md-flex h-100 justify-content-evenly\">&nbsp;<\/div>","protected":false},"excerpt":{"rendered":"<p>Pistola calibre .380, carregador, coldre e dois estojos deflagrados foram apreendidos durante abordagem na ERS-143 Uma mulher foi presa por porte ilegal de arma de fogo na noite de s\u00e1bado&#8230;<\/p>","protected":false},"author":2,"featured_media":73227,"comment_status":"closed","ping_status":"closed","sticky":false,"template":"","format":"standard","meta":{"ngg_post_thumbnail":0,"footnotes":""},"categories":[28,33,43],"tags":[],"class_list":["post-73226","post","type-post","status-publish","format-standard","has-post-thumbnail","hentry","category-destaque","category-noticias","category-regiao"],"amp_enabled":true,"_links":{"self":[{"href":"https:\/\/www2.comunitaria.com.br\/en\/wp-json\/wp\/v2\/posts\/73226","targetHints":{"allow":["GET"]}}],"collection":[{"href":"https:\/\/www2.comunitaria.com.br\/en\/wp-json\/wp\/v2\/posts"}],"about":[{"href":"https:\/\/www2.comunitaria.com.br\/en\/wp-json\/wp\/v2\/types\/post"}],"author":[{"embeddable":true,"href":"https:\/\/www2.comunitaria.com.br\/en\/wp-json\/wp\/v2\/users\/2"}],"replies":[{"embeddable":true,"href":"https:\/\/www2.comunitaria.com.br\/en\/wp-json\/wp\/v2\/comments?post=73226"}],"version-history":[{"count":0,"href":"https:\/\/www2.comunitaria.com.br\/en\/wp-json\/wp\/v2\/posts\/73226\/revisions"}],"wp:featuredmedia":[{"embeddable":true,"href":"https:\/\/www2.comunitaria.com.br\/en\/wp-json\/wp\/v2\/media\/73227"}],"wp:attachment":[{"href":"https:\/\/www2.comunitaria.com.br\/en\/wp-json\/wp\/v2\/media?parent=73226"}],"wp:term":[{"taxonomy":"category","embeddable":true,"href":"https:\/\/www2.comunitaria.com.br\/en\/wp-json\/wp\/v2\/categories?post=73226"},{"taxonomy":"post_tag","embeddable":true,"href":"https:\/\/www2.comunitaria.com.br\/en\/wp-json\/wp\/v2\/tags?post=73226"}],"curies":[{"name":"wp","href":"https:\/\/api.w.org\/{rel}","templated":true}]}}