{"id":73218,"date":"2026-08-10T18:36:49","date_gmt":"2026-08-10T20:36:49","guid":{"rendered":"https:\/\/www2.comunitaria.com.br\/?p=73218"},"modified":"2026-08-10T18:36:49","modified_gmt":"2026-08-10T20:36:49","slug":"12o-festival-atena-alcanca-mais-de-1-milhao-de-pessoas-e-reune-641-artistas","status":"publish","type":"post","link":"https:\/\/www2.comunitaria.com.br\/en\/12o-festival-atena-alcanca-mais-de-1-milhao-de-pessoas-e-reune-641-artistas\/","title":{"rendered":"12\u00ba Festival Atena alcan\u00e7a mais de 1 milh\u00e3o de pessoas e re\u00fane 641 artistas"},"content":{"rendered":"<p><em>Caf\u00e9 de Resultados apresentou os n\u00fameros da edi\u00e7\u00e3o de 2026 e destacou o impacto cultural, social e formativo do festival em Frederico Westphalen e na regi\u00e3o<\/em><\/p>\n<p>A Associa\u00e7\u00e3o Cultural Atena apresentou, durante o Caf\u00e9 de Resultados do 12\u00ba Festival Atena, os n\u00fameros e os principais impactos da edi\u00e7\u00e3o de 2026. Realizado em Frederico Westphalen, o festival alcan\u00e7ou mais de 1 milh\u00e3o de pessoas por meio das a\u00e7\u00f5es de divulga\u00e7\u00e3o e reuniu 641 artistas em uma programa\u00e7\u00e3o que envolveu diferentes linguagens culturais.<\/p>\n<p>Ao longo de seis dias, foram realizadas 95 apresenta\u00e7\u00f5es art\u00edsticas, oficinas, workshops, exposi\u00e7\u00f5es, atividades de cinema, literatura, dan\u00e7a, teatro, circo e m\u00fasica. A programa\u00e7\u00e3o envolveu ainda 152 profissionais e 36 volunt\u00e1rios, movimentando diferentes setores da cadeia cultural.<\/p>\n<p>Entre os destaques desta edi\u00e7\u00e3o est\u00e1 a participa\u00e7\u00e3o de representantes de 31 munic\u00edpios. O festival recebeu 149 inscri\u00e7\u00f5es, incluindo participantes de sete pa\u00edses, ampliando o interc\u00e2mbio e a diversidade cultural da programa\u00e7\u00e3o.<\/p>\n<p>Uma das novidades do 12\u00ba Festival Atena foi a <strong>amplia\u00e7\u00e3o do reconhecimento \u00e0s diferentes linguagens art\u00edsticas, com a cria\u00e7\u00e3o de premia\u00e7\u00f5es espec\u00edficas para teatro e circo<\/strong>. A iniciativa representa um avan\u00e7o na valoriza\u00e7\u00e3o dessas manifesta\u00e7\u00f5es culturais dentro do festival e amplia as oportunidades para artistas que atuam nessas \u00e1reas.<\/p>\n<p>Ao todo, foram distribu\u00eddas 260 premia\u00e7\u00f5es, incluindo 36 trof\u00e9us e mais de R$ 20 mil em valores. A iniciativa refor\u00e7ou a proposta de reconhecer n\u00e3o apenas a participa\u00e7\u00e3o, mas tamb\u00e9m o trabalho, a criatividade e a dedica\u00e7\u00e3o dos artistas.<\/p>\n<p><strong>Forma\u00e7\u00e3o e participa\u00e7\u00e3o<\/strong><\/p>\n<p>Na \u00e1rea da forma\u00e7\u00e3o cultural, foram realizadas dez oficinas, que atenderam 278 estudantes. As atividades envolveram dan\u00e7a, teatro, circo e outras linguagens, com participa\u00e7\u00e3o de institui\u00e7\u00f5es de ensino da regi\u00e3o.<\/p>\n<p>Tamb\u00e9m foram realizados dois workshops de dan\u00e7a, nas modalidades jazz e ballet, com 53 participantes. A procura pelas atividades demonstrou o interesse do p\u00fablico pelas oportunidades de forma\u00e7\u00e3o oferecidas pelo festival.<\/p>\n<p>A Galeria de Artes apresentou 251 obras produzidas por 143 artistas. Entre os participantes estavam 127 estudantes de 15 escolas de Frederico Westphalen, Palmitinho e Rodeio Bonito. Do total de obras expostas, 208 foram produzidas por estudantes.<\/p>\n<p>A programa\u00e7\u00e3o de cinema contou com cinco filmes, tr\u00eas sess\u00f5es, participa\u00e7\u00e3o de cinco escolas e p\u00fablico de 295 pessoas.<\/p>\n<p><strong>Literatura e debate sobre a cultura regional<\/strong><\/p>\n<p>O festival tamb\u00e9m reservou espa\u00e7o para a literatura e para a discuss\u00e3o sobre a produ\u00e7\u00e3o cultural. A programa\u00e7\u00e3o contou com a\u00e7\u00f5es da <strong>Academia Frederiquense de Letras<\/strong>, incluindo o lan\u00e7amento de livros e a apresenta\u00e7\u00e3o de novos membros da institui\u00e7\u00e3o.<\/p>\n<p>Outro momento foi o <strong>Semin\u00e1rio e Encontro de Artistas<\/strong>, criado para reunir profissionais e produtores culturais para discutir o cen\u00e1rio art\u00edstico local e regional e buscar estrat\u00e9gias para o fortalecimento do setor.<\/p>\n<p>A programa\u00e7\u00e3o tamb\u00e9m contou com a apresenta\u00e7\u00e3o do Coral <strong>da URI<\/strong>, ampliando o di\u00e1logo entre diferentes iniciativas e institui\u00e7\u00f5es que atuam na \u00e1rea cultural.<\/p>\n<p><strong>Um projeto que ultrapassa as 12 edi\u00e7\u00f5es<\/strong><\/p>\n<p>Os n\u00fameros apresentados no Caf\u00e9 de Resultados tamb\u00e9m mostram a dimens\u00e3o alcan\u00e7ada pelo Festival Atena ao longo de sua trajet\u00f3ria. Nas 12 edi\u00e7\u00f5es, o evento j\u00e1 estabeleceu parceria com 39 escolas, realizou 72 oficinas de artes e proporcionou 1.635 participa\u00e7\u00f5es de estudantes.<\/p>\n<p>No per\u00edodo, foram realizados 870 espet\u00e1culos e apresenta\u00e7\u00f5es, com 2.234 obras expostas na Galeria de Artes e 6.218 participa\u00e7\u00f5es de artistas. O festival j\u00e1 alcan\u00e7ou representantes de 66 munic\u00edpios dos estados do Rio Grande do Sul, Santa Catarina, Paran\u00e1 e S\u00e3o Paulo, al\u00e9m de interc\u00e2mbios internacionais.<\/p>\n<p>A atua\u00e7\u00e3o da Associa\u00e7\u00e3o Cultural Atena tamb\u00e9m ultrapassa a realiza\u00e7\u00e3o do festival. Ao longo de sua trajet\u00f3ria, mais de 36 mil pessoas foram sensibilizadas pelas a\u00e7\u00f5es da institui\u00e7\u00e3o, que j\u00e1 desenvolveu 16 projetos socioculturais e 23 cursos de forma\u00e7\u00e3o cultural, envolvendo mais de 3 mil artistas.<\/p>\n<p><strong>Cultura como ferramenta de transforma\u00e7\u00e3o<\/strong><\/p>\n<p>Durante o Caf\u00e9 de Resultados, o presidente da Associa\u00e7\u00e3o Cultural Atena e diretor-geral do Festival Atena, Giancarlo Panosso, apresentou os n\u00fameros da edi\u00e7\u00e3o e destacou a import\u00e2ncia dos patrocinadores, apoiadores e parceiros para a realiza\u00e7\u00e3o do projeto.<\/p>\n<p>A proposta, segundo ele, \u00e9 utilizar a cultura como ferramenta de transforma\u00e7\u00e3o, criando oportunidades para que crian\u00e7as, adolescentes, jovens e adultos desenvolvam habilidades, expressem seus talentos e tenham contato com diferentes manifesta\u00e7\u00f5es art\u00edsticas.<\/p>\n<p>Giancarlo tamb\u00e9m ressaltou que os resultados s\u00f3 s\u00e3o poss\u00edveis com a participa\u00e7\u00e3o de empresas, institui\u00e7\u00f5es e poder p\u00fablico que acreditam no potencial da cultura e enxergam nos participantes do festival n\u00e3o apenas artistas, mas pessoas que encontram na arte um espa\u00e7o para desenvolver habilidades, ganhar confian\u00e7a e se expressar.<\/p>\n<p><strong>Festival Atena 2027 j\u00e1 est\u00e1 em prepara\u00e7\u00e3o<\/strong><\/p>\n<p>Com a aprova\u00e7\u00e3o de novos editais de incentivo \u00e0 cultura, a Associa\u00e7\u00e3o Cultural Atena j\u00e1 iniciou a prepara\u00e7\u00e3o para a <strong>13\u00aa edi\u00e7\u00e3o do Festival Atena, em 2027<\/strong>.<\/p>\n<p>Conforme Giancarlo Panosso, a perspectiva \u00e9 dar continuidade ao trabalho desenvolvido ao longo das 12 edi\u00e7\u00f5es, ampliando as oportunidades de forma\u00e7\u00e3o, participa\u00e7\u00e3o e valoriza\u00e7\u00e3o dos artistas e fortalecendo ainda mais o papel do festival no cen\u00e1rio cultural local e regional.<\/p>\n<p>A edi\u00e7\u00e3o de 2026 foi realizada com recursos da Lei de Incentivo \u00e0 Cultura \u2013 Pr\u00f3-Cultura RS, com financiamento do Governo do Estado do Rio Grande do Sul, por meio da Secretaria de Estado da Cultura, e da Prefeitura de Frederico Westphalen, al\u00e9m do patroc\u00ednio do Supermercado Barril, Tcheturbo, Cine Globo, URI-FW, Skinabon, Cotrifred e Eixo Sul e apoio da UFSM-FW, Sistema Fecom\u00e9rcio-RS SESC\/SENAC, Jornal O Alto Uruguai, Bino Arte, Imperatriz dos M\u00f3veis, Grafimax, Cia dos P\u00e3es e do Poder Legislativo de Frederico Westphalen.<\/p>","protected":false},"excerpt":{"rendered":"<p>Caf\u00e9 de Resultados apresentou os n\u00fameros da edi\u00e7\u00e3o de 2026 e destacou o impacto cultural, social e formativo do festival em Frederico Westphalen e na regi\u00e3o A Associa\u00e7\u00e3o Cultural Atena&#8230;<\/p>","protected":false},"author":2,"featured_media":73219,"comment_status":"closed","ping_status":"closed","sticky":false,"template":"","format":"standard","meta":{"ngg_post_thumbnail":0,"footnotes":""},"categories":[28,33,43],"tags":[],"class_list":["post-73218","post","type-post","status-publish","format-standard","has-post-thumbnail","hentry","category-destaque","category-noticias","category-regiao"],"amp_enabled":true,"_links":{"self":[{"href":"https:\/\/www2.comunitaria.com.br\/en\/wp-json\/wp\/v2\/posts\/73218","targetHints":{"allow":["GET"]}}],"collection":[{"href":"https:\/\/www2.comunitaria.com.br\/en\/wp-json\/wp\/v2\/posts"}],"about":[{"href":"https:\/\/www2.comunitaria.com.br\/en\/wp-json\/wp\/v2\/types\/post"}],"author":[{"embeddable":true,"href":"https:\/\/www2.comunitaria.com.br\/en\/wp-json\/wp\/v2\/users\/2"}],"replies":[{"embeddable":true,"href":"https:\/\/www2.comunitaria.com.br\/en\/wp-json\/wp\/v2\/comments?post=73218"}],"version-history":[{"count":0,"href":"https:\/\/www2.comunitaria.com.br\/en\/wp-json\/wp\/v2\/posts\/73218\/revisions"}],"wp:featuredmedia":[{"embeddable":true,"href":"https:\/\/www2.comunitaria.com.br\/en\/wp-json\/wp\/v2\/media\/73219"}],"wp:attachment":[{"href":"https:\/\/www2.comunitaria.com.br\/en\/wp-json\/wp\/v2\/media?parent=73218"}],"wp:term":[{"taxonomy":"category","embeddable":true,"href":"https:\/\/www2.comunitaria.com.br\/en\/wp-json\/wp\/v2\/categories?post=73218"},{"taxonomy":"post_tag","embeddable":true,"href":"https:\/\/www2.comunitaria.com.br\/en\/wp-json\/wp\/v2\/tags?post=73218"}],"curies":[{"name":"wp","href":"https:\/\/api.w.org\/{rel}","templated":true}]}}