{"id":73212,"date":"2026-08-07T10:27:36","date_gmt":"2026-08-07T12:27:36","guid":{"rendered":"https:\/\/www2.comunitaria.com.br\/?p=73212"},"modified":"2026-08-07T10:27:36","modified_gmt":"2026-08-07T12:27:36","slug":"prefeitura-de-rodeio-bonito-realiza-distribuicao-gratuita-de-adubo-quimico-para-produtores-rurais","status":"publish","type":"post","link":"https:\/\/www2.comunitaria.com.br\/en\/prefeitura-de-rodeio-bonito-realiza-distribuicao-gratuita-de-adubo-quimico-para-produtores-rurais\/","title":{"rendered":"Prefeitura de Rodeio Bonito realiza distribui\u00e7\u00e3o gratuita de adubo qu\u00edmico para produtores rurais"},"content":{"rendered":"<div class=\"tituloAuxiliar\"><em>Iniciativa contempla a agricultura familiar em parceria com a Consulta Popular do Governo do Estado<\/em><\/div>\n<div>\n<p>A Administra\u00e7\u00e3o Municipal de Rodeio Bonito, por meio da Secretaria Municipal da Agricultura, deu in\u00edcio nesta semana \u00e0 entrega gratuita de fertilizantes para os agricultores do munic\u00edpio. O adubo qu\u00edmico foi adquirido no \u00e2mbito do programa de incentivo \u00e0 agricultura familiar, financiado em parceria com o Governo do Estado do Rio Grande do Sul por meio da Consulta Popular.<\/p>\n<p>A a\u00e7\u00e3o prev\u00ea a distribui\u00e7\u00e3o de 1.150 sacas do insumo. As regras e os crit\u00e9rios de atendimento foram estabelecidos em conjunto com o Conselho Municipal da Agricultura, priorizando as propriedades dedicadas \u00e0 fruticultura e \u00e0 pecu\u00e1ria de corte.<\/p>\n<p>Os produtores cadastrados no programa que atuam na cria\u00e7\u00e3o de gado de corte e no cultivo de laranja ou uva t\u00eam direito a oito sacas do produto. J\u00e1 os demais agricultores inscritos recebem entre tr\u00eas e quatro sacas, sendo exigida em todos os casos a apresenta\u00e7\u00e3o do Cadastro Nacional da Agricultura Familiar.<\/p>\n<p>O prefeito Paulo Duarte afirmou que a gest\u00e3o municipal mant\u00e9m o compromisso de incentivar a diversifica\u00e7\u00e3o das atividades agr\u00edcolas no munic\u00edpio, respeitando as delibera\u00e7\u00f5es conjuntas tomadas pelo Conselho Municipal da Agricultura.<\/p>\n<p>O secret\u00e1rio municipal da Agricultura, Gilmar Jos\u00e9 Enderli, ressaltou que a distribui\u00e7\u00e3o do fertilizante integra um pacote cont\u00ednuo de suporte ao meio rural. A pasta atua de forma permanente na presta\u00e7\u00e3o de servi\u00e7os de maquin\u00e1rio para terraplanagem, melhoria de acessos e transporte de dejetos, al\u00e9m de efetuar a entrega de mangueiras para a instala\u00e7\u00e3o de sistemas de fertirriga\u00e7\u00e3o nas propriedades.<\/p>\n<p><em>Fonte: R\u00e1dio Luz e Alegria<\/em><\/p>\n<\/div>\n<div class=\"data d-md-flex h-100 justify-content-evenly\">&nbsp;<\/div>","protected":false},"excerpt":{"rendered":"<p>Iniciativa contempla a agricultura familiar em parceria com a Consulta Popular do Governo do Estado A Administra\u00e7\u00e3o Municipal de Rodeio Bonito, por meio da Secretaria Municipal da Agricultura, deu in\u00edcio&#8230;<\/p>","protected":false},"author":2,"featured_media":73213,"comment_status":"closed","ping_status":"closed","sticky":false,"template":"","format":"standard","meta":{"ngg_post_thumbnail":0,"footnotes":""},"categories":[28,33,43],"tags":[],"class_list":["post-73212","post","type-post","status-publish","format-standard","has-post-thumbnail","hentry","category-destaque","category-noticias","category-regiao"],"amp_enabled":true,"_links":{"self":[{"href":"https:\/\/www2.comunitaria.com.br\/en\/wp-json\/wp\/v2\/posts\/73212","targetHints":{"allow":["GET"]}}],"collection":[{"href":"https:\/\/www2.comunitaria.com.br\/en\/wp-json\/wp\/v2\/posts"}],"about":[{"href":"https:\/\/www2.comunitaria.com.br\/en\/wp-json\/wp\/v2\/types\/post"}],"author":[{"embeddable":true,"href":"https:\/\/www2.comunitaria.com.br\/en\/wp-json\/wp\/v2\/users\/2"}],"replies":[{"embeddable":true,"href":"https:\/\/www2.comunitaria.com.br\/en\/wp-json\/wp\/v2\/comments?post=73212"}],"version-history":[{"count":0,"href":"https:\/\/www2.comunitaria.com.br\/en\/wp-json\/wp\/v2\/posts\/73212\/revisions"}],"wp:featuredmedia":[{"embeddable":true,"href":"https:\/\/www2.comunitaria.com.br\/en\/wp-json\/wp\/v2\/media\/73213"}],"wp:attachment":[{"href":"https:\/\/www2.comunitaria.com.br\/en\/wp-json\/wp\/v2\/media?parent=73212"}],"wp:term":[{"taxonomy":"category","embeddable":true,"href":"https:\/\/www2.comunitaria.com.br\/en\/wp-json\/wp\/v2\/categories?post=73212"},{"taxonomy":"post_tag","embeddable":true,"href":"https:\/\/www2.comunitaria.com.br\/en\/wp-json\/wp\/v2\/tags?post=73212"}],"curies":[{"name":"wp","href":"https:\/\/api.w.org\/{rel}","templated":true}]}}