{"id":73180,"date":"2026-06-16T17:29:23","date_gmt":"2026-06-16T19:29:23","guid":{"rendered":"https:\/\/www2.comunitaria.com.br\/?p=73180"},"modified":"2026-08-04T17:33:28","modified_gmt":"2026-08-04T19:33:28","slug":"taca-das-favelas-rio-grande-do-sul-fortalece-inclusao-social-e-revela-talentos-em-25-municipios-gauchos","status":"publish","type":"post","link":"https:\/\/www2.comunitaria.com.br\/en\/taca-das-favelas-rio-grande-do-sul-fortalece-inclusao-social-e-revela-talentos-em-25-municipios-gauchos\/","title":{"rendered":"Ta\u00e7a das Favelas Rio Grande do Sul fortalece inclus\u00e3o social e revela talentos em 25 munic\u00edpios ga\u00fachos"},"content":{"rendered":"<p>A CUFA Rio Grande do Sul (Central \u00danica das Favelas) realiza mais uma edi\u00e7\u00e3o da Ta\u00e7a das Favelas Rio Grande do Sul, o maior campeonato de futebol entre favelas do mundo, consolidando-se como uma das mais importantes iniciativas de esporte, inclus\u00e3o social e desenvolvimento comunit\u00e1rio do Estado.<\/p>\n<p>Realizado com financiamento da Lei de Incentivo ao Esporte, do Minist\u00e9rio do Esporte, Governo Federal, o projeto conta com o patroc\u00ednio de Meta, Farm\u00e1cias S\u00e3o Jo\u00e3o e Banrisul, financiamento do Governo do Rio Grande do Sul, al\u00e9m do apoio da RBS TV e do Programa RS Seguro.<\/p>\n<p>Ao longo de 12 meses, a competi\u00e7\u00e3o mobiliza atletas, lideran\u00e7as comunit\u00e1rias, volunt\u00e1rios e fam\u00edlias em 25 munic\u00edpios ga\u00fachos: Alvorada, Bento Gon\u00e7alves, Cachoeirinha, Canoas, Cap\u00e3o da Canoa, Caxias do Sul, Cruz Alta, Esteio, Farroupilha, Frederico Westphalen, Gravata\u00ed, Gua\u00edba, Iju\u00ed, Lajeado, Montenegro, Novo Hamburgo, Passo Fundo, Pelotas, Porto Alegre, Rio Grande, Santa Maria, S\u00e3o Leopoldo, Sapucaia do Sul, Tramanda\u00ed e Viam\u00e3o.<\/p>\n<p>Mais do que um campeonato de futebol, a Ta\u00e7a das Favelas promove oportunidades de desenvolvimento humano por meio do esporte, incentivando valores como respeito, disciplina, trabalho em equipe, protagonismo juvenil e cidadania. A iniciativa amplia o acesso ao esporte em comunidades perif\u00e9ricas, fortalece v\u00ednculos sociais e cria um ambiente favor\u00e1vel para a descoberta de novos talentos esportivos.<\/p>\n<p>A competi\u00e7\u00e3o tamb\u00e9m movimenta a economia local, gera oportunidades de trabalho tempor\u00e1rio, fortalece a participa\u00e7\u00e3o comunit\u00e1ria e estimula a ocupa\u00e7\u00e3o positiva dos espa\u00e7os p\u00fablicos, contribuindo para a promo\u00e7\u00e3o da cultura de paz e da integra\u00e7\u00e3o entre diferentes territ\u00f3rios.<\/p>\n<p>Reconhecida nacionalmente por transformar vidas por meio do esporte, a Ta\u00e7a das Favelas representa uma importante ferramenta de inclus\u00e3o social, oferecendo visibilidade a jovens atletas que sonham em construir uma carreira no futebol, ao mesmo tempo em que fortalece o sentimento de pertencimento e orgulho das comunidades participantes.<\/p>\n<p>Com uma programa\u00e7\u00e3o distribu\u00edda ao longo de todo o ano, a edi\u00e7\u00e3o ga\u00facha reafirma o compromisso da CUFA Rio Grande do Sul com o desenvolvimento social, utilizando o esporte como instrumento de transforma\u00e7\u00e3o, redu\u00e7\u00e3o das desigualdades e promo\u00e7\u00e3o de oportunidades para milhares de crian\u00e7as, adolescentes e jovens.<\/p>\n<p>Realiza\u00e7\u00e3o: CUFA Rio Grande do Sul<\/p>\n<p>Financiamento: Lei de Incentivo ao Esporte \u2013 Minist\u00e9rio do Esporte \u2013 Governo Federal.<\/p>\n<p>Patroc\u00ednio: Meta, Farm\u00e1cias S\u00e3o Jo\u00e3o e Banrisul.<\/p>\n<p>Financiamento: Governo do Rio Grande do Sul.<\/p>\n<p>Apoio: RBS TV e Programa RS Seguro.<\/p>","protected":false},"excerpt":{"rendered":"<p>A CUFA Rio Grande do Sul (Central \u00danica das Favelas) realiza mais uma edi\u00e7\u00e3o da Ta\u00e7a das Favelas Rio Grande do Sul, o maior campeonato de futebol entre favelas do&#8230;<\/p>","protected":false},"author":2,"featured_media":73182,"comment_status":"closed","ping_status":"closed","sticky":false,"template":"","format":"standard","meta":{"ngg_post_thumbnail":0,"footnotes":""},"categories":[33],"tags":[],"class_list":["post-73180","post","type-post","status-publish","format-standard","has-post-thumbnail","hentry","category-noticias"],"amp_enabled":true,"_links":{"self":[{"href":"https:\/\/www2.comunitaria.com.br\/en\/wp-json\/wp\/v2\/posts\/73180","targetHints":{"allow":["GET"]}}],"collection":[{"href":"https:\/\/www2.comunitaria.com.br\/en\/wp-json\/wp\/v2\/posts"}],"about":[{"href":"https:\/\/www2.comunitaria.com.br\/en\/wp-json\/wp\/v2\/types\/post"}],"author":[{"embeddable":true,"href":"https:\/\/www2.comunitaria.com.br\/en\/wp-json\/wp\/v2\/users\/2"}],"replies":[{"embeddable":true,"href":"https:\/\/www2.comunitaria.com.br\/en\/wp-json\/wp\/v2\/comments?post=73180"}],"version-history":[{"count":0,"href":"https:\/\/www2.comunitaria.com.br\/en\/wp-json\/wp\/v2\/posts\/73180\/revisions"}],"wp:featuredmedia":[{"embeddable":true,"href":"https:\/\/www2.comunitaria.com.br\/en\/wp-json\/wp\/v2\/media\/73182"}],"wp:attachment":[{"href":"https:\/\/www2.comunitaria.com.br\/en\/wp-json\/wp\/v2\/media?parent=73180"}],"wp:term":[{"taxonomy":"category","embeddable":true,"href":"https:\/\/www2.comunitaria.com.br\/en\/wp-json\/wp\/v2\/categories?post=73180"},{"taxonomy":"post_tag","embeddable":true,"href":"https:\/\/www2.comunitaria.com.br\/en\/wp-json\/wp\/v2\/tags?post=73180"}],"curies":[{"name":"wp","href":"https:\/\/api.w.org\/{rel}","templated":true}]}}