{"id":73153,"date":"2026-07-31T10:15:30","date_gmt":"2026-07-31T12:15:30","guid":{"rendered":"https:\/\/www2.comunitaria.com.br\/?p=73153"},"modified":"2026-07-31T10:15:30","modified_gmt":"2026-07-31T12:15:30","slug":"criminosos-fazem-familia-refem-e-roubam-otica-durante-acao-na-madrugada-em-panambi","status":"publish","type":"post","link":"https:\/\/www2.comunitaria.com.br\/en\/criminosos-fazem-familia-refem-e-roubam-otica-durante-acao-na-madrugada-em-panambi\/","title":{"rendered":"Criminosos fazem fam\u00edlia ref\u00e9m e roubam \u00f3tica durante a\u00e7\u00e3o na madrugada em Panambi"},"content":{"rendered":"<div class=\"tituloAuxiliar\"><em>Funcion\u00e1ria do estabelecimento foi obrigada a acompanhar os assaltantes at\u00e9 a loja; Pol\u00edcia Civil investiga o caso<\/em><\/div>\n<div>\n<div class=\"html\">\n<p>Criminosos invadiram uma resid\u00eancia, fizeram uma fam\u00edlia ref\u00e9m e roubaram uma \u00f3tica no Centro de Panambi na madrugada desta quinta-feira (30). A a\u00e7\u00e3o teve in\u00edcio por volta da 1h, quando os assaltantes renderam os moradores da casa de uma funcion\u00e1ria do estabelecimento e a mantiveram, junto com os familiares, sob c\u00e1rcere privado durante toda a a\u00e7\u00e3o criminosa.<\/p>\n<p>Conforme apurado pelo Informa Panambi, a funcion\u00e1ria foi obrigada a acompanhar os criminosos at\u00e9 a \u00f3tica, localizada em frente \u00e0 Pra\u00e7a Engenheiro Walter Faulhaber. As v\u00edtimas permaneceram sob o controle dos assaltantes at\u00e9 cerca das 4h, quando foram libertadas.<\/p>\n<p><strong>Funcion\u00e1ria foi levada at\u00e9 a \u00f3tica<\/strong><\/p>\n<p>Durante o roubo, os criminosos tiveram acesso ao estabelecimento e levaram diversos objetos. A \u00f3tica \u00e9 especializada na comercializa\u00e7\u00e3o de joias e pe\u00e7as em ouro, o que pode ter motivado a a\u00e7\u00e3o. At\u00e9 o momento, a quantidade e o valor dos itens subtra\u00eddos n\u00e3o foram divulgados.<\/p>\n<p><strong>Pol\u00edcia Civil investiga o crime<\/strong><\/p>\n<p>A ocorr\u00eancia foi atendida pela Pol\u00edcia Civil, que realizou o isolamento da \u00e1rea para o trabalho da per\u00edcia do Instituto-Geral de Per\u00edcias (IGP). As investiga\u00e7\u00f5es est\u00e3o em andamento para identificar os autores do roubo, esclarecer a din\u00e2mica da a\u00e7\u00e3o e verificar se outros envolvidos participaram do crime.<\/p>\n<p>At\u00e9 o momento, nenhum suspeito havia sido preso.<\/p>\n<\/div>\n<div class=\"fonte\"><em>Fonte: Ramon Mendes &#8211; Jornalismo RP \/ Informa Panambi<\/em><\/div>\n<\/div>\n<div class=\"data d-md-flex h-100 justify-content-evenly\">&nbsp;<\/div>","protected":false},"excerpt":{"rendered":"<p>Funcion\u00e1ria do estabelecimento foi obrigada a acompanhar os assaltantes at\u00e9 a loja; Pol\u00edcia Civil investiga o caso Criminosos invadiram uma resid\u00eancia, fizeram uma fam\u00edlia ref\u00e9m e roubaram uma \u00f3tica no&#8230;<\/p>","protected":false},"author":2,"featured_media":73154,"comment_status":"closed","ping_status":"closed","sticky":false,"template":"","format":"standard","meta":{"ngg_post_thumbnail":0,"footnotes":""},"categories":[28,33,43],"tags":[],"class_list":["post-73153","post","type-post","status-publish","format-standard","has-post-thumbnail","hentry","category-destaque","category-noticias","category-regiao"],"amp_enabled":true,"_links":{"self":[{"href":"https:\/\/www2.comunitaria.com.br\/en\/wp-json\/wp\/v2\/posts\/73153","targetHints":{"allow":["GET"]}}],"collection":[{"href":"https:\/\/www2.comunitaria.com.br\/en\/wp-json\/wp\/v2\/posts"}],"about":[{"href":"https:\/\/www2.comunitaria.com.br\/en\/wp-json\/wp\/v2\/types\/post"}],"author":[{"embeddable":true,"href":"https:\/\/www2.comunitaria.com.br\/en\/wp-json\/wp\/v2\/users\/2"}],"replies":[{"embeddable":true,"href":"https:\/\/www2.comunitaria.com.br\/en\/wp-json\/wp\/v2\/comments?post=73153"}],"version-history":[{"count":0,"href":"https:\/\/www2.comunitaria.com.br\/en\/wp-json\/wp\/v2\/posts\/73153\/revisions"}],"wp:featuredmedia":[{"embeddable":true,"href":"https:\/\/www2.comunitaria.com.br\/en\/wp-json\/wp\/v2\/media\/73154"}],"wp:attachment":[{"href":"https:\/\/www2.comunitaria.com.br\/en\/wp-json\/wp\/v2\/media?parent=73153"}],"wp:term":[{"taxonomy":"category","embeddable":true,"href":"https:\/\/www2.comunitaria.com.br\/en\/wp-json\/wp\/v2\/categories?post=73153"},{"taxonomy":"post_tag","embeddable":true,"href":"https:\/\/www2.comunitaria.com.br\/en\/wp-json\/wp\/v2\/tags?post=73153"}],"curies":[{"name":"wp","href":"https:\/\/api.w.org\/{rel}","templated":true}]}}