{"id":73129,"date":"2026-07-29T10:17:38","date_gmt":"2026-07-29T12:17:38","guid":{"rendered":"https:\/\/www2.comunitaria.com.br\/?p=73129"},"modified":"2026-07-29T10:17:38","modified_gmt":"2026-07-29T12:17:38","slug":"sicredi-conexao-lanca-projeto-para-valorizar-historias-e-potencialidades-dos-municipios","status":"publish","type":"post","link":"https:\/\/www2.comunitaria.com.br\/en\/sicredi-conexao-lanca-projeto-para-valorizar-historias-e-potencialidades-dos-municipios\/","title":{"rendered":"Sicredi Conex\u00e3o lan\u00e7a projeto para valorizar hist\u00f3rias e potencialidades dos munic\u00edpios"},"content":{"rendered":"<p><em>Iniciativa Conex\u00e3o na Estrada ir\u00e1 apresentar a cultura, o empreendedorismo, o cooperativismo e o desenvolvimento local dos munic\u00edpios onde a Cooperativa est\u00e1 presente<\/em><\/p>\n<p>Como parte das celebra\u00e7\u00f5es de seus 45 anos, a Sicredi Conex\u00e3o lan\u00e7a o \u201cConex\u00e3o na Estrada\u201d, um projeto que percorrer\u00e1 os 54 munic\u00edpios das quatro regi\u00f5es onde a Cooperativa est\u00e1 presente \u2014 norte do Rio Grande do Sul, oeste de Santa Catarina, sul e Zona da Mata de Minas Gerais. Mais do que uma viagem por esses locais, a iniciativa \u00e9 um convite para conhecer e valorizar o que torna cada comunidade \u00fanica.<\/p>\n<p>O teaser do projeto ser\u00e1 lan\u00e7ado nas redes sociais da Cooperativa no dia 29 de julho, dando in\u00edcio a uma s\u00e9rie de epis\u00f3dios semanais que apresentar\u00e3o cada munic\u00edpio e destacar\u00e3o os elementos que comp\u00f5em sua identidade e singularidade. Ao longo dos pr\u00f3ximos meses, ser\u00e3o compartilhadas hist\u00f3rias inspiradoras, pontos de refer\u00eancia,<br \/>\npotencialidades, tradi\u00e7\u00f5es e curiosidades que contribuem para o desenvolvimento local, transformando o conte\u00fado em uma grande vitrine das riquezas regionais e fortalecendo o sentimento de pertencimento das comunidades.<\/p>\n<p>Uma das novidades da iniciativa \u00e9 a parceria com os influenciadores do projeto Ca\u00e7adores de Bons Exemplos, Iara e Eduardo Xavier. Parceiros da Sicredi Conex\u00e3o h\u00e1 v\u00e1rios anos e alinhados aos princ\u00edpios do cooperativismo, eles ser\u00e3o os apresentadores dessa expedi\u00e7\u00e3o.<\/p>\n<p>\u2014 Cada munic\u00edpio tem algo especial para contar. O \u201cConex\u00e3o na Estrada\u201d nasce para destacar essas hist\u00f3rias, valorizar quem faz a diferen\u00e7a nas comunidades e fortalecer a conex\u00e3o com os lugares que fazem parte da nossa ess\u00eancia. Afinal, o desenvolvimento come\u00e7a quando reconhecemos e celebramos as pessoas que constroem o futuro todos os dias \u2014 destaca a presidente da Sicredi Conex\u00e3o, Angelita Marisa Cadon\u00e1.<\/p>\n<p>O projeto refor\u00e7a o compromisso da Sicredi Conex\u00e3o de estar presente de forma pr\u00f3xima e genu\u00edna nas comunidades onde atua, valorizando conquistas, conectando pessoas e celebrando, em seus 45 anos de hist\u00f3ria, tudo aquilo que torna cada munic\u00edpio especial.<br \/>\nConhe\u00e7a os Ca\u00e7adores de Bons Exemplos<\/p>\n<p>Cansados da predomin\u00e2ncia de not\u00edcias negativas, o casal vendeu seus bens, adotou um motor home como casa e passou a viajar pelo Brasil em busca de pessoas, projetos e iniciativas capazes de transformar realidades. Hoje, s\u00e3o reconhecidos por compartilhar hist\u00f3rias inspiradoras e por incentivar o protagonismo das comunidades por onde passam e possuem mais de 1 milh\u00e3o de seguidores nas redes sociais.<\/p>","protected":false},"excerpt":{"rendered":"<p>Iniciativa Conex\u00e3o na Estrada ir\u00e1 apresentar a cultura, o empreendedorismo, o cooperativismo e o desenvolvimento local dos munic\u00edpios onde a Cooperativa est\u00e1 presente Como parte das celebra\u00e7\u00f5es de seus 45&#8230;<\/p>","protected":false},"author":2,"featured_media":73130,"comment_status":"closed","ping_status":"closed","sticky":false,"template":"","format":"standard","meta":{"ngg_post_thumbnail":0,"footnotes":""},"categories":[28,33],"tags":[],"class_list":["post-73129","post","type-post","status-publish","format-standard","has-post-thumbnail","hentry","category-destaque","category-noticias"],"amp_enabled":true,"_links":{"self":[{"href":"https:\/\/www2.comunitaria.com.br\/en\/wp-json\/wp\/v2\/posts\/73129","targetHints":{"allow":["GET"]}}],"collection":[{"href":"https:\/\/www2.comunitaria.com.br\/en\/wp-json\/wp\/v2\/posts"}],"about":[{"href":"https:\/\/www2.comunitaria.com.br\/en\/wp-json\/wp\/v2\/types\/post"}],"author":[{"embeddable":true,"href":"https:\/\/www2.comunitaria.com.br\/en\/wp-json\/wp\/v2\/users\/2"}],"replies":[{"embeddable":true,"href":"https:\/\/www2.comunitaria.com.br\/en\/wp-json\/wp\/v2\/comments?post=73129"}],"version-history":[{"count":0,"href":"https:\/\/www2.comunitaria.com.br\/en\/wp-json\/wp\/v2\/posts\/73129\/revisions"}],"wp:featuredmedia":[{"embeddable":true,"href":"https:\/\/www2.comunitaria.com.br\/en\/wp-json\/wp\/v2\/media\/73130"}],"wp:attachment":[{"href":"https:\/\/www2.comunitaria.com.br\/en\/wp-json\/wp\/v2\/media?parent=73129"}],"wp:term":[{"taxonomy":"category","embeddable":true,"href":"https:\/\/www2.comunitaria.com.br\/en\/wp-json\/wp\/v2\/categories?post=73129"},{"taxonomy":"post_tag","embeddable":true,"href":"https:\/\/www2.comunitaria.com.br\/en\/wp-json\/wp\/v2\/tags?post=73129"}],"curies":[{"name":"wp","href":"https:\/\/api.w.org\/{rel}","templated":true}]}}