{"id":73112,"date":"2026-07-28T11:06:09","date_gmt":"2026-07-28T13:06:09","guid":{"rendered":"https:\/\/www2.comunitaria.com.br\/?p=73112"},"modified":"2026-07-28T11:06:09","modified_gmt":"2026-07-28T13:06:09","slug":"homem-e-preso-por-porte-ilegal-de-arma-de-fogo-em-seberi","status":"publish","type":"post","link":"https:\/\/www2.comunitaria.com.br\/en\/homem-e-preso-por-porte-ilegal-de-arma-de-fogo-em-seberi\/","title":{"rendered":"Homem \u00e9 preso por porte ilegal de arma de fogo em Seberi"},"content":{"rendered":"<div class=\"tituloAuxiliar\"><em>O indiv\u00edduo foi flagrado portando uma arma de fogo na cintura durante um show realizado no munic\u00edpio<\/em><\/div>\n<div>\n<div class=\"html\">\n<p>Na madrugada do \u00faltimo domingo (26\/07), um homem de 30 anos foi preso pelo crime de porte ilegal de arma de fogo no munic\u00edpio de Seberi.<\/p>\n<p>A pris\u00e3o ocorreu ap\u00f3s o indiv\u00edduo ser flagrado portando uma arma de fogo na cintura durante um show realizado no munic\u00edpio.<\/p>\n<p>Diante dos fatos, foi dada voz de pris\u00e3o ao indiv\u00edduo, que foi conduzido \u00e0 Delegacia de Pol\u00edcia Civil para o registro do flagrante e, posteriormente, encaminhado ao Pres\u00eddio Estadual de Frederico Westphalen.<\/p>\n<\/div>\n<div class=\"fonte\"><em>Fonte: 37\u00baBPM<\/em><\/div>\n<\/div>\n<div class=\"data d-md-flex h-100 justify-content-evenly\">&nbsp;<\/div>","protected":false},"excerpt":{"rendered":"<p>O indiv\u00edduo foi flagrado portando uma arma de fogo na cintura durante um show realizado no munic\u00edpio Na madrugada do \u00faltimo domingo (26\/07), um homem de 30 anos foi preso&#8230;<\/p>","protected":false},"author":2,"featured_media":73113,"comment_status":"closed","ping_status":"closed","sticky":false,"template":"","format":"standard","meta":{"ngg_post_thumbnail":0,"footnotes":""},"categories":[28,33,43],"tags":[],"class_list":["post-73112","post","type-post","status-publish","format-standard","has-post-thumbnail","hentry","category-destaque","category-noticias","category-regiao"],"amp_enabled":true,"_links":{"self":[{"href":"https:\/\/www2.comunitaria.com.br\/en\/wp-json\/wp\/v2\/posts\/73112","targetHints":{"allow":["GET"]}}],"collection":[{"href":"https:\/\/www2.comunitaria.com.br\/en\/wp-json\/wp\/v2\/posts"}],"about":[{"href":"https:\/\/www2.comunitaria.com.br\/en\/wp-json\/wp\/v2\/types\/post"}],"author":[{"embeddable":true,"href":"https:\/\/www2.comunitaria.com.br\/en\/wp-json\/wp\/v2\/users\/2"}],"replies":[{"embeddable":true,"href":"https:\/\/www2.comunitaria.com.br\/en\/wp-json\/wp\/v2\/comments?post=73112"}],"version-history":[{"count":0,"href":"https:\/\/www2.comunitaria.com.br\/en\/wp-json\/wp\/v2\/posts\/73112\/revisions"}],"wp:featuredmedia":[{"embeddable":true,"href":"https:\/\/www2.comunitaria.com.br\/en\/wp-json\/wp\/v2\/media\/73113"}],"wp:attachment":[{"href":"https:\/\/www2.comunitaria.com.br\/en\/wp-json\/wp\/v2\/media?parent=73112"}],"wp:term":[{"taxonomy":"category","embeddable":true,"href":"https:\/\/www2.comunitaria.com.br\/en\/wp-json\/wp\/v2\/categories?post=73112"},{"taxonomy":"post_tag","embeddable":true,"href":"https:\/\/www2.comunitaria.com.br\/en\/wp-json\/wp\/v2\/tags?post=73112"}],"curies":[{"name":"wp","href":"https:\/\/api.w.org\/{rel}","templated":true}]}}