{"id":72972,"date":"2026-07-15T11:15:12","date_gmt":"2026-07-15T13:15:12","guid":{"rendered":"https:\/\/www2.comunitaria.com.br\/?p=72972"},"modified":"2026-07-15T11:15:12","modified_gmt":"2026-07-15T13:15:12","slug":"prisao-em-flagrante-por-trafico-de-drogas-e-registrada-no-bairro-jardim-primavera-em-frederico-westphalen","status":"publish","type":"post","link":"https:\/\/www2.comunitaria.com.br\/en\/prisao-em-flagrante-por-trafico-de-drogas-e-registrada-no-bairro-jardim-primavera-em-frederico-westphalen\/","title":{"rendered":"Pris\u00e3o em flagrante por tr\u00e1fico de drogas \u00e9 registrada no bairro Jardim Primavera em Frederico Westphalen"},"content":{"rendered":"<div class=\"tituloAuxiliar\"><em>Homem de 21 anos foi detido pela Brigada Militar com por\u00e7\u00f5es de coca\u00edna e balan\u00e7a de precis\u00e3o durante patrulhamento<\/em><\/div>\n<div>\n<p>Uma ofensiva de patrulhamento preventivo realizada pela Brigada Militar na tarde de ter\u00e7a-feira, 14, resultou na pris\u00e3o em flagrante de um jovem de 21 anos sob a acusa\u00e7\u00e3o de tr\u00e1fico de entorpecentes. A a\u00e7\u00e3o policial ocorreu em via p\u00fablica no bairro Primavera, localidade que possui hist\u00f3rico de den\u00fancias comunit\u00e1rias relacionadas ao com\u00e9rcio ilegal de subst\u00e2ncias de uso proscrito em Frederico Westphalen.<\/p>\n<p>Os policiais militares realizavam ronda ostensiva pela regi\u00e3o quando identificaram o indiv\u00edduo em atitude considerada suspeita. Ao notar a aproxima\u00e7\u00e3o da viatura da corpora\u00e7\u00e3o, o homem tentou acelerar o passo e se afastar do ponto de monitoramento, mas foi rapidamente interceptado e submetido \u00e0 busca pessoal pelas for\u00e7as de seguran\u00e7a.<\/p>\n<p>Durante o procedimento de revista e abordagem do suspeito, as equipes policiais localizaram e apreenderam vinte e quatro por\u00e7\u00f5es de coca\u00edna embaladas de forma individual e prontas para a comercializa\u00e7\u00e3o direta.<\/p>\n<p>Al\u00e9m dos inv\u00f3lucros menores, foi encontrada uma por\u00e7\u00e3o bruta da mesma subst\u00e2ncia pesando cerca de sete gramas, uma balan\u00e7a digital de precis\u00e3o utilizada para a pesagem de insumos, um telefone celular e cinco reais em esp\u00e9cie.<\/p>\n<p>Diante do flagrante da posse dos materiais, foi dada voz de pris\u00e3o ao envolvido.&nbsp;<\/p>\n<p><em>Fonte: R\u00e1dio Luz e Alegria<\/em><\/p>\n<\/div>\n<div class=\"data d-md-flex h-100 justify-content-evenly\">&nbsp;<\/div>","protected":false},"excerpt":{"rendered":"<p>Homem de 21 anos foi detido pela Brigada Militar com por\u00e7\u00f5es de coca\u00edna e balan\u00e7a de precis\u00e3o durante patrulhamento Uma ofensiva de patrulhamento preventivo realizada pela Brigada Militar na tarde&#8230;<\/p>","protected":false},"author":2,"featured_media":72973,"comment_status":"closed","ping_status":"closed","sticky":false,"template":"","format":"standard","meta":{"ngg_post_thumbnail":0,"footnotes":""},"categories":[42,28,33],"tags":[],"class_list":["post-72972","post","type-post","status-publish","format-standard","has-post-thumbnail","hentry","category-fred-west","category-destaque","category-noticias"],"amp_enabled":true,"_links":{"self":[{"href":"https:\/\/www2.comunitaria.com.br\/en\/wp-json\/wp\/v2\/posts\/72972","targetHints":{"allow":["GET"]}}],"collection":[{"href":"https:\/\/www2.comunitaria.com.br\/en\/wp-json\/wp\/v2\/posts"}],"about":[{"href":"https:\/\/www2.comunitaria.com.br\/en\/wp-json\/wp\/v2\/types\/post"}],"author":[{"embeddable":true,"href":"https:\/\/www2.comunitaria.com.br\/en\/wp-json\/wp\/v2\/users\/2"}],"replies":[{"embeddable":true,"href":"https:\/\/www2.comunitaria.com.br\/en\/wp-json\/wp\/v2\/comments?post=72972"}],"version-history":[{"count":0,"href":"https:\/\/www2.comunitaria.com.br\/en\/wp-json\/wp\/v2\/posts\/72972\/revisions"}],"wp:featuredmedia":[{"embeddable":true,"href":"https:\/\/www2.comunitaria.com.br\/en\/wp-json\/wp\/v2\/media\/72973"}],"wp:attachment":[{"href":"https:\/\/www2.comunitaria.com.br\/en\/wp-json\/wp\/v2\/media?parent=72972"}],"wp:term":[{"taxonomy":"category","embeddable":true,"href":"https:\/\/www2.comunitaria.com.br\/en\/wp-json\/wp\/v2\/categories?post=72972"},{"taxonomy":"post_tag","embeddable":true,"href":"https:\/\/www2.comunitaria.com.br\/en\/wp-json\/wp\/v2\/tags?post=72972"}],"curies":[{"name":"wp","href":"https:\/\/api.w.org\/{rel}","templated":true}]}}