{"id":7296,"date":"2015-09-01T18:06:11","date_gmt":"2015-09-01T20:06:11","guid":{"rendered":"http:\/\/www2.comunitaria.com.br\/?p=7296"},"modified":"2015-09-01T18:06:11","modified_gmt":"2015-09-01T20:06:11","slug":"divulgada-programacao-oficial-da-expopal-de-palmeira-das-missoes","status":"publish","type":"post","link":"https:\/\/www2.comunitaria.com.br\/en\/divulgada-programacao-oficial-da-expopal-de-palmeira-das-missoes\/","title":{"rendered":"Divulgada programa\u00e7\u00e3o oficial da Expopal de Palmeira das Miss\u00f5es"},"content":{"rendered":"<p style=\"text-align: justify;\">A menos de um m\u00eas do retorno da Expopal em Palmeira das Miss\u00f5es, a comiss\u00e3o organizadora divulgou a programa\u00e7\u00e3o oficial da feira, que envolve os setores do com\u00e9rcio, ind\u00fastria e agropecu\u00e1rio. A Expopal 2015 acontecer\u00e1 de 24 a 27 de setembro, no Parque de Exposi\u00e7\u00f5es.<\/p>\n<p style=\"text-align: justify;\">Mais de 120 expositores j\u00e1 est\u00e3o confirmados e restam poucos espa\u00e7os internos para serem comercializados. Estar\u00e3o expostas empresas de vestu\u00e1rio, cal\u00e7ados, m\u00f3veis e eletros, inform\u00e1tica, al\u00e9m de m\u00e1quinas e implementos agr\u00edcolas, ve\u00edculos, agricultura familiar, gastronomia e muito mais. Os pavilh\u00f5es ser\u00e3o abertos para visita\u00e7\u00e3o todos os dias \u00e0s 9h, com fechamento \u00e0s 22h.<\/p>\n<p style=\"text-align: justify;\">Tamb\u00e9m estar\u00e1 integrada \u00e0 programa\u00e7\u00e3o da Expopal, a Feira da Terneira, j\u00e1 realizada no munic\u00edpio em 2013 e 2014, al\u00e9m de palestras t\u00e9cnicas, encontros regionais e shows nacionais. A feira \u00e9 promovida pela Prefeitura Municipal, juntamente com a ACAIP, CDL, Sindilojas, Sindicato Rural, Sindicato dos Trabalhadores Rurais, Emater\/ASCAR-RS, 10\u00ba Coordenadoria Regional de Agricultura, UFSM, UPF, Escola Estadual T\u00e9cnica Celeste Gobbato, Secretaria Municipal de Desenvolvimento Econ\u00f4mico e Emprego e Secretaria Municipal de Agricultura.<\/p>\n<p style=\"text-align: justify;\">Na parte art\u00edstica, a Expopal 2015 trar\u00e1 a Palmeira das Miss\u00f5es shows nacionais e de grande sucesso. Na quinta-feira (24), a festa j\u00e1 come\u00e7a com o show de Jo\u00e3o Marcelo e Juliano. Na sexta-feira (25) o show ser\u00e1 com Cacio e Marcos e para o s\u00e1bado (26) o show mais aguardado do ano, com Munhoz e Mariano. O ingresso antecipado para os shows pode ser adquirido com a equipe da Rudah ou nos demais pontos de venda: Biomed e Padaria Moinho, al\u00e9m dos pontos de vendas em toda a regi\u00e3o. Nos shows de quinta a s\u00e1bado os port\u00f5es abrir\u00e3o aproximadamente \u00e0s 23h. J\u00e1 no domingo (27) est\u00e1 programado o show com a banda Barbarella, sendo que os port\u00f5es do espa\u00e7o dos shows ser\u00e3o abertos \u00e0s 17h.<\/p>\n<p style=\"text-align: justify;\">\n<p style=\"text-align: justify;\"><strong>Confira a programa\u00e7\u00e3o:<\/strong><\/p>\n<p style=\"text-align: justify;\"><strong>1\u00ba WORKSHOP SOBRE INTEGRA\u00c7\u00c3O LAVOURA-PECU\u00c1RIA<\/strong><\/p>\n<p style=\"text-align: justify;\"><em>Dia 24 &#8211; Quinta-feira<\/em><\/p>\n<p style=\"text-align: justify;\">8h &#8211; 9h: Inscri\u00e7\u00f5es;<\/p>\n<p style=\"text-align: justify;\">9h: Palestra \u2018Sistemas Integrados: Um novo conceito de pecu\u00e1ria em \u00e1reas agr\u00edcolas\u2019, com o palestrante engenheiro agr\u00f4nomo F\u00e1bio Neves, supervisor t\u00e9cnico \u2013 SAI;<\/p>\n<p style=\"text-align: justify;\">10h 10h20min: Milk-break;<\/p>\n<p style=\"text-align: justify;\">10h20min: CASE: Comercializa\u00e7\u00e3o e qualidade de carnes, com o palestrante engenheiro agr\u00f4nomo Lucas Lieberknecht;<\/p>\n<p style=\"text-align: justify;\">11h: CASE: Produ\u00e7\u00e3o animal em pastagem irrigada, com o palestrante engenheiro agr\u00f4nomo M\u00e1rio Ruschel Freitas;<\/p>\n<p style=\"text-align: justify;\">12h &#8211; 13h30min: Intervalo para Almo\u00e7o;<\/p>\n<p style=\"text-align: justify;\">13h30min: Palestra \u2018Conjuntura e perspectivas para o mercado da soja em 2015\/16\u2019, com o palestrante professor Nilson Luiz Costa \u2013 UFSM;<\/p>\n<p style=\"text-align: justify;\">14h30min: Palestra \u2018Potencial do trigo de duplo prop\u00f3sito em sistemas integrados no Sul do Brasil\u2019, com o palestrante pesquisador Renato Serena Fontaneli \u2013 EMBRAPA Trigo e UPF;<\/p>\n<p style=\"text-align: justify;\">15h30min &#8211; 15h50min: Milk break;<\/p>\n<p style=\"text-align: justify;\">15h50min: Palestra \u2018Manejo de pastagens em sistema de integra\u00e7\u00e3o lavoura &#8211; pecu\u00e1ria-floresta\u2019, com o palestrante Jamir Lu\u00eds Silva da Silva, da Embrapa Clima Temperado;<\/p>\n<p style=\"text-align: justify;\">17h: CASE: Bovinocultura de leite na Cabanha Busanello, com o palestrante produtor rural Ari Busanello;<\/p>\n<p style=\"text-align: justify;\">17h40min: CASE: Resultados da Bovinocultura de Leite \u2013 EETCG, com a palestrante professora Ione Haygert-Velho \u2013 UFSM.<\/p>\n<p style=\"text-align: justify;\">\n<p style=\"text-align: justify;\"><strong>FEIRA DA TERNEIRA<\/strong><\/p>\n<p style=\"text-align: justify;\"><em>Dia 24 \u2013 Quinta-feira<\/em><\/p>\n<p style=\"text-align: justify;\">13h &#8211; 18h: Admiss\u00e3o dos animais;<\/p>\n<p style=\"text-align: justify;\"><em>Dia 25 \u2013 Sexta-feira<\/em><\/p>\n<p style=\"text-align: justify;\">08h30min &#8211; 18h: Visita\u00e7\u00e3o ao pavilh\u00e3o dos bovinos;<\/p>\n<p style=\"text-align: justify;\"><em>Dia 26 \u2013 S\u00e1bado<\/em><\/p>\n<p style=\"text-align: justify;\">9h30min: Julgamento dos animais;<\/p>\n<p style=\"text-align: justify;\">12h: Intervalo para o Almo\u00e7o;<\/p>\n<p style=\"text-align: justify;\">13h30min: Julgamento dos animais;<\/p>\n<p style=\"text-align: justify;\">15h30min: Palestra \u2018A evolu\u00e7\u00e3o do gado leiteiro\u2019, com o palestrante Jos\u00e9 Ernesto Wunderlich Ferreira.<\/p>\n<p style=\"text-align: justify;\"><em>Dia 27 \u2013 Domingo<\/em><\/p>\n<p style=\"text-align: justify;\">10h: Premia\u00e7\u00e3o;<\/p>\n<p style=\"text-align: justify;\">16h &#8211; 18h30min: Sa\u00edda dos animais do Parque de Exposi\u00e7\u00e3o.<\/p>\n<p style=\"text-align: justify;\">\n<p style=\"text-align: justify;\"><strong>DEMAIS EVENTOS:<\/strong><\/p>\n<p style=\"text-align: justify;\"><em>Dia 24 \u2013 Quinta-feira<\/em><\/p>\n<p style=\"text-align: justify;\">19h: Mesa Redonda \u2018Desafios do Cooperativimo Moderno\u2019, com painelistas da Creluz, Cotrisal e Sicredi;<\/p>\n<p style=\"text-align: justify;\"><em>Dia 25 \u2013 Sexta-feira<\/em><\/p>\n<p style=\"text-align: justify;\">9h30min: Abertura Oficial da EXPOPAL 2015;<\/p>\n<p style=\"text-align: justify;\">11h: Reuni\u00e3o da AMZOP;<\/p>\n<p style=\"text-align: justify;\">14h: Painel Zero Hora, com media\u00e7\u00e3o colunista e editora do Campo e Lavoura, Gisele Loeblein;<\/p>\n<p style=\"text-align: justify;\">19h: Reuni\u00e3o de interioriza\u00e7\u00e3o das Regionais da FARSUL.<\/p>\n<p style=\"text-align: justify;\"><em>Dia 26 \u2013 S\u00e1bado<\/em><\/p>\n<p style=\"text-align: justify;\">9h: Palestra \u2018Agricultura sustent\u00e1vel e Meio Ambiente\u2019, com o palestrante engenheiro agr\u00f4nomo Marcelo Leal e o engenheiro florestal Marcelo Nascimento Bernal.<\/p>\n<p style=\"text-align: justify;\"><strong>Patrocinadores:<\/strong><\/p>\n<p style=\"text-align: justify;\">Minist\u00e9rio da Agricultura, Banrisul, Badesul, Sicredi, Creluz, Caixa Econ\u00f4mica Federal, Embrapa Clima Temperado, MK Eletrifica\u00e7\u00f5es.<\/p>\n<p style=\"text-align: justify;\"><a href=\"http:\/\/www2.comunitaria.com.br\/wp-content\/uploads\/2015\/09\/expopal-site.jpeg\"><img loading=\"lazy\" decoding=\"async\" class=\"size-large wp-image-7298 alignleft\" src=\"http:\/\/www2.comunitaria.com.br\/wp-content\/uploads\/2015\/09\/expopal-site.jpeg\" alt=\"expopal site\" width=\"340\" height=\"490\" srcset=\"https:\/\/www2.comunitaria.com.br\/wp-content\/uploads\/2015\/09\/expopal-site.jpeg 340w, https:\/\/www2.comunitaria.com.br\/wp-content\/uploads\/2015\/09\/expopal-site-208x300.jpeg 208w\" sizes=\"auto, (max-width: 340px) 100vw, 340px\" \/><\/a> <a href=\"http:\/\/www2.comunitaria.com.br\/wp-content\/uploads\/2015\/09\/flyer-expopal-site1.jpg\"><img loading=\"lazy\" decoding=\"async\" class=\"size-large wp-image-7299 alignright\" src=\"http:\/\/www2.comunitaria.com.br\/wp-content\/uploads\/2015\/09\/flyer-expopal-site1.jpg\" alt=\"flyer expopal site\" width=\"340\" height=\"500\" srcset=\"https:\/\/www2.comunitaria.com.br\/wp-content\/uploads\/2015\/09\/flyer-expopal-site1.jpg 340w, https:\/\/www2.comunitaria.com.br\/wp-content\/uploads\/2015\/09\/flyer-expopal-site1-204x300.jpg 204w\" sizes=\"auto, (max-width: 340px) 100vw, 340px\" \/><\/a><\/p>\n<p style=\"text-align: justify;\">\n<p style=\"text-align: justify;\">\n<p style=\"text-align: justify;\">\n<p style=\"text-align: justify;\">\n<p style=\"text-align: justify;\">\n<p style=\"text-align: justify;\">\n<p style=\"text-align: justify;\">\n<p style=\"text-align: justify;\">\n<p style=\"text-align: justify;\">\n<p style=\"text-align: justify;\">\n<p style=\"text-align: justify;\">\n<p style=\"text-align: justify;\"><strong>Assessoria de Imprensa da Prefeitura Municipal de Palmeira das Miss\u00f5es<\/strong><\/p>","protected":false},"excerpt":{"rendered":"<p>A menos de um m\u00eas do retorno da Expopal em Palmeira das Miss\u00f5es, a comiss\u00e3o organizadora divulgou a programa\u00e7\u00e3o oficial da feira, que envolve os setores do com\u00e9rcio, ind\u00fastria e agropecu\u00e1rio. A Expopal 2015 acontecer\u00e1 de 24 a 27 de setembro, no Parque de Exposi\u00e7\u00f5es. Mais de 120 expositores j\u00e1 est\u00e3o confirmados e restam poucos<\/p>\n<div class=\"read-more-wrapper\"><a class=\"read-more\" href=\"https:\/\/www2.comunitaria.com.br\/en\/divulgada-programacao-oficial-da-expopal-de-palmeira-das-missoes\/\" title=\"Read More\"> <span class=\"button\">Read More<\/span><\/a><\/div>","protected":false},"author":2,"featured_media":7300,"comment_status":"open","ping_status":"closed","sticky":false,"template":"","format":"standard","meta":{"ngg_post_thumbnail":0,"footnotes":""},"categories":[33,43],"tags":[1589,592,202,288,86],"class_list":["post-7296","post","type-post","status-publish","format-standard","has-post-thumbnail","hentry","category-noticias","category-regiao","tag-expopal","tag-feira","tag-palmeira-das-missoes","tag-programacao","tag-regiao-2"],"amp_enabled":true,"_links":{"self":[{"href":"https:\/\/www2.comunitaria.com.br\/en\/wp-json\/wp\/v2\/posts\/7296","targetHints":{"allow":["GET"]}}],"collection":[{"href":"https:\/\/www2.comunitaria.com.br\/en\/wp-json\/wp\/v2\/posts"}],"about":[{"href":"https:\/\/www2.comunitaria.com.br\/en\/wp-json\/wp\/v2\/types\/post"}],"author":[{"embeddable":true,"href":"https:\/\/www2.comunitaria.com.br\/en\/wp-json\/wp\/v2\/users\/2"}],"replies":[{"embeddable":true,"href":"https:\/\/www2.comunitaria.com.br\/en\/wp-json\/wp\/v2\/comments?post=7296"}],"version-history":[{"count":0,"href":"https:\/\/www2.comunitaria.com.br\/en\/wp-json\/wp\/v2\/posts\/7296\/revisions"}],"wp:featuredmedia":[{"embeddable":true,"href":"https:\/\/www2.comunitaria.com.br\/en\/wp-json\/wp\/v2\/media\/7300"}],"wp:attachment":[{"href":"https:\/\/www2.comunitaria.com.br\/en\/wp-json\/wp\/v2\/media?parent=7296"}],"wp:term":[{"taxonomy":"category","embeddable":true,"href":"https:\/\/www2.comunitaria.com.br\/en\/wp-json\/wp\/v2\/categories?post=7296"},{"taxonomy":"post_tag","embeddable":true,"href":"https:\/\/www2.comunitaria.com.br\/en\/wp-json\/wp\/v2\/tags?post=7296"}],"curies":[{"name":"wp","href":"https:\/\/api.w.org\/{rel}","templated":true}]}}