{"id":72892,"date":"2026-07-06T11:57:05","date_gmt":"2026-07-06T13:57:05","guid":{"rendered":"https:\/\/www2.comunitaria.com.br\/?p=72892"},"modified":"2026-07-06T11:57:05","modified_gmt":"2026-07-06T13:57:05","slug":"frederico-westphalen-recebe-certificacao-da-equipe-amiga-da-mae-parceria-e-crianca-ciclo-2025","status":"publish","type":"post","link":"https:\/\/www2.comunitaria.com.br\/en\/frederico-westphalen-recebe-certificacao-da-equipe-amiga-da-mae-parceria-e-crianca-ciclo-2025\/","title":{"rendered":"Frederico Westphalen recebe Certifica\u00e7\u00e3o da Equipe Amiga da M\u00e3e, Parceria e Crian\u00e7a \u2013 Ciclo 2025"},"content":{"rendered":"<p>O munic\u00edpio de Frederico Westphalen foi reconhecido pelo Governo do Estado do Rio Grande do Sul com a Certifica\u00e7\u00e3o da Equipe Amiga da M\u00e3e, Parceria e Crian\u00e7a \u2013 Ciclo 2025, concedida \u00e0s equipes e munic\u00edpios que se destacam no fortalecimento das pol\u00edticas p\u00fablicas voltadas \u00e0 sa\u00fade materno-infantil.<\/p>\n<p>A cerim\u00f4nia de entrega da certifica\u00e7\u00e3o foi realizada na \u00faltima quinta-feira, 3 de julho, no Teatro Dante Barone, em Porto Alegre, reunindo representantes de diversos munic\u00edpios ga\u00fachos. Representando Frederico Westphalen, receberam o certificado a enfermeira da ESF 1 \u2013 S\u00e3o Francisco de Paula, Adriane Lutz, e a coordenadora da Aten\u00e7\u00e3o Prim\u00e1ria \u00e0 Sa\u00fade, Simone Bell\u00e9.<\/p>\n<p>A certifica\u00e7\u00e3o reconhece o trabalho desenvolvido pelas equipes de sa\u00fade na promo\u00e7\u00e3o do cuidado integral \u00e0s gestantes, pu\u00e9rperas, crian\u00e7as e suas fam\u00edlias, valorizando a\u00e7\u00f5es que fortalecem a aten\u00e7\u00e3o prim\u00e1ria e contribuem para a melhoria dos indicadores de sa\u00fade materno-infantil.<\/p>\n<p>Para a Administra\u00e7\u00e3o Municipal e a Secretaria Municipal da Sa\u00fade, a conquista representa o resultado do comprometimento e da dedica\u00e7\u00e3o dos profissionais que atuam diariamente na constru\u00e7\u00e3o de uma rede de atendimento mais humana, acolhedora e qualificada.<\/p>\n<p>O reconhecimento estadual refor\u00e7a o compromisso de Frederico Westphalen com a excel\u00eancia nos servi\u00e7os de sa\u00fade p\u00fablica, evidenciando o trabalho conjunto das equipes e o investimento cont\u00ednuo em pol\u00edticas p\u00fablicas voltadas ao cuidado e \u00e0 promo\u00e7\u00e3o da sa\u00fade da popula\u00e7\u00e3o.<\/p>","protected":false},"excerpt":{"rendered":"<p>O munic\u00edpio de Frederico Westphalen foi reconhecido pelo Governo do Estado do Rio Grande do Sul com a Certifica\u00e7\u00e3o da Equipe Amiga da M\u00e3e, Parceria e Crian\u00e7a \u2013 Ciclo 2025,&#8230;<\/p>","protected":false},"author":2,"featured_media":72893,"comment_status":"closed","ping_status":"closed","sticky":false,"template":"","format":"standard","meta":{"ngg_post_thumbnail":0,"footnotes":""},"categories":[42,28,33],"tags":[],"class_list":["post-72892","post","type-post","status-publish","format-standard","has-post-thumbnail","hentry","category-fred-west","category-destaque","category-noticias"],"amp_enabled":true,"_links":{"self":[{"href":"https:\/\/www2.comunitaria.com.br\/en\/wp-json\/wp\/v2\/posts\/72892","targetHints":{"allow":["GET"]}}],"collection":[{"href":"https:\/\/www2.comunitaria.com.br\/en\/wp-json\/wp\/v2\/posts"}],"about":[{"href":"https:\/\/www2.comunitaria.com.br\/en\/wp-json\/wp\/v2\/types\/post"}],"author":[{"embeddable":true,"href":"https:\/\/www2.comunitaria.com.br\/en\/wp-json\/wp\/v2\/users\/2"}],"replies":[{"embeddable":true,"href":"https:\/\/www2.comunitaria.com.br\/en\/wp-json\/wp\/v2\/comments?post=72892"}],"version-history":[{"count":0,"href":"https:\/\/www2.comunitaria.com.br\/en\/wp-json\/wp\/v2\/posts\/72892\/revisions"}],"wp:featuredmedia":[{"embeddable":true,"href":"https:\/\/www2.comunitaria.com.br\/en\/wp-json\/wp\/v2\/media\/72893"}],"wp:attachment":[{"href":"https:\/\/www2.comunitaria.com.br\/en\/wp-json\/wp\/v2\/media?parent=72892"}],"wp:term":[{"taxonomy":"category","embeddable":true,"href":"https:\/\/www2.comunitaria.com.br\/en\/wp-json\/wp\/v2\/categories?post=72892"},{"taxonomy":"post_tag","embeddable":true,"href":"https:\/\/www2.comunitaria.com.br\/en\/wp-json\/wp\/v2\/tags?post=72892"}],"curies":[{"name":"wp","href":"https:\/\/api.w.org\/{rel}","templated":true}]}}