{"id":72886,"date":"2026-07-06T11:04:15","date_gmt":"2026-07-06T13:04:15","guid":{"rendered":"https:\/\/www2.comunitaria.com.br\/?p=72886"},"modified":"2026-07-06T11:04:15","modified_gmt":"2026-07-06T13:04:15","slug":"policia-civil-prende-suspeito-de-ser-mentor-do-latrocinio-de-caminhoneiro-em-cruz-alta","status":"publish","type":"post","link":"https:\/\/www2.comunitaria.com.br\/en\/policia-civil-prende-suspeito-de-ser-mentor-do-latrocinio-de-caminhoneiro-em-cruz-alta\/","title":{"rendered":"Pol\u00edcia Civil prende suspeito de ser mentor do latroc\u00ednio de caminhoneiro em Cruz Alta"},"content":{"rendered":"<div class=\"tituloAuxiliar\"><em>Investigado j\u00e1 cumpria pena por homic\u00eddio e teve celular apreendido durante a\u00e7\u00e3o no Pres\u00eddio Estadual<\/em><\/div>\n<div>\n<div class=\"html\">\n<p>A Pol\u00edcia Civil identificou e prendeu o homem apontado como mentor do latroc\u00ednio que vitimou o caminhoneiro Andr\u00e9 Luis Stein, de 36 anos, em Cruz Alta. A pris\u00e3o foi confirmada neste s\u00e1bado (05) pela Delegacia de Repress\u00e3o \u00e0s A\u00e7\u00f5es Criminosas Organizadas (Draco).<\/p>\n<p>O suspeito, de 24 anos, j\u00e1 estava recolhido no Pres\u00eddio Estadual de Cruz Alta, onde cumpre pena por participa\u00e7\u00e3o em um homic\u00eddio ocorrido em 2021. Durante dilig\u00eancias na unidade prisional, realizadas com apoio do Grupo de Interven\u00e7\u00e3o da Pol\u00edcia Penal, os investigadores apreenderam um aparelho celular que, conforme a investiga\u00e7\u00e3o, teria sido utilizado por ele na \u00e9poca do crime.<\/p>\n<p>O latroc\u00ednio ocorreu em maio deste ano. Segundo a Pol\u00edcia Civil, Andr\u00e9 Luis Stein foi atra\u00eddo at\u00e9 Cruz Alta por meio de uma falsa negocia\u00e7\u00e3o e acabou sendo morto a tiros.<\/p>\n<p><strong>Opera\u00e7\u00e3o j\u00e1 havia prendido outros envolvidos<\/strong><\/p>\n<p>As investiga\u00e7\u00f5es j\u00e1 haviam resultado na deflagra\u00e7\u00e3o da Opera\u00e7\u00e3o Tijucas, em 18 de junho, quando quatro suspeitos foram detidos. Na ocasi\u00e3o, dois adultos foram presos e dois adolescentes apreendidos por envolvimento no crime.<\/p>\n<p>De acordo com a Draco, a investiga\u00e7\u00e3o reuniu elementos que apontam a participa\u00e7\u00e3o dos investigados no planejamento e na execu\u00e7\u00e3o do latroc\u00ednio. A apura\u00e7\u00e3o do caso continua para esclarecer todos os detalhes da a\u00e7\u00e3o criminosa e responsabilizar os envolvidos.<\/p>\n<\/div>\n<div class=\"fonte\"><em>Fonte: Ramon Mendes &#8211; Jornalismo RP \/ Eduardo Krais &#8211; GZH Passo Fundo<\/em><\/div>\n<\/div>\n<div class=\"data d-md-flex h-100 justify-content-evenly\">&nbsp;<\/div>","protected":false},"excerpt":{"rendered":"<p>Investigado j\u00e1 cumpria pena por homic\u00eddio e teve celular apreendido durante a\u00e7\u00e3o no Pres\u00eddio Estadual A Pol\u00edcia Civil identificou e prendeu o homem apontado como mentor do latroc\u00ednio que vitimou&#8230;<\/p>","protected":false},"author":2,"featured_media":72887,"comment_status":"closed","ping_status":"closed","sticky":false,"template":"","format":"standard","meta":{"ngg_post_thumbnail":0,"footnotes":""},"categories":[28,33,43],"tags":[],"class_list":["post-72886","post","type-post","status-publish","format-standard","has-post-thumbnail","hentry","category-destaque","category-noticias","category-regiao"],"amp_enabled":true,"_links":{"self":[{"href":"https:\/\/www2.comunitaria.com.br\/en\/wp-json\/wp\/v2\/posts\/72886","targetHints":{"allow":["GET"]}}],"collection":[{"href":"https:\/\/www2.comunitaria.com.br\/en\/wp-json\/wp\/v2\/posts"}],"about":[{"href":"https:\/\/www2.comunitaria.com.br\/en\/wp-json\/wp\/v2\/types\/post"}],"author":[{"embeddable":true,"href":"https:\/\/www2.comunitaria.com.br\/en\/wp-json\/wp\/v2\/users\/2"}],"replies":[{"embeddable":true,"href":"https:\/\/www2.comunitaria.com.br\/en\/wp-json\/wp\/v2\/comments?post=72886"}],"version-history":[{"count":0,"href":"https:\/\/www2.comunitaria.com.br\/en\/wp-json\/wp\/v2\/posts\/72886\/revisions"}],"wp:featuredmedia":[{"embeddable":true,"href":"https:\/\/www2.comunitaria.com.br\/en\/wp-json\/wp\/v2\/media\/72887"}],"wp:attachment":[{"href":"https:\/\/www2.comunitaria.com.br\/en\/wp-json\/wp\/v2\/media?parent=72886"}],"wp:term":[{"taxonomy":"category","embeddable":true,"href":"https:\/\/www2.comunitaria.com.br\/en\/wp-json\/wp\/v2\/categories?post=72886"},{"taxonomy":"post_tag","embeddable":true,"href":"https:\/\/www2.comunitaria.com.br\/en\/wp-json\/wp\/v2\/tags?post=72886"}],"curies":[{"name":"wp","href":"https:\/\/api.w.org\/{rel}","templated":true}]}}