{"id":72734,"date":"2026-06-01T10:42:48","date_gmt":"2026-06-01T12:42:48","guid":{"rendered":"https:\/\/www2.comunitaria.com.br\/?p=72734"},"modified":"2026-06-01T10:42:48","modified_gmt":"2026-06-01T12:42:48","slug":"alpestre-lanca-campanha-do-agasalho-2026-nesta-segunda-feira","status":"publish","type":"post","link":"https:\/\/www2.comunitaria.com.br\/en\/alpestre-lanca-campanha-do-agasalho-2026-nesta-segunda-feira\/","title":{"rendered":"Alpestre lan\u00e7a Campanha do Agasalho 2026 nesta segunda-feira"},"content":{"rendered":"<div class=\"tituloAuxiliar\"><em>A\u00e7\u00e3o da Secretaria de Assist\u00eancia Social busca arrecadar roupas e cobertores para auxiliar fam\u00edlias durante o inverno<\/em><\/div>\n<div class=\"data d-md-flex h-100 justify-content-evenly\">\n<div class=\"html\">\n<p>A Prefeitura de Alpestre, por meio da Secretaria Municipal de Assist\u00eancia Social, lan\u00e7ou nesta segunda-feira (1\u00ba) a Campanha do Agasalho 2026. Com o tema&nbsp;<strong>\u201cBra\u00e7os Abertos para Aquecer sua Fam\u00edlia\u201d<\/strong>, a iniciativa tem como objetivo mobilizar a comunidade para a arrecada\u00e7\u00e3o de roupas, cobertores e outros itens de inverno destinados \u00e0s fam\u00edlias em situa\u00e7\u00e3o de vulnerabilidade.<\/p>\n<p>O lan\u00e7amento ocorreu \u00e0s 8h, na sede da Secretaria de Assist\u00eancia Social, que tamb\u00e9m ser\u00e1 o ponto oficial para recebimento das doa\u00e7\u00f5es ao longo da campanha.<\/p>\n<p>Segundo a administra\u00e7\u00e3o municipal, a a\u00e7\u00e3o busca fortalecer a rede de solidariedade no munic\u00edpio e ampliar o apoio \u00e0s fam\u00edlias que necessitam de aux\u00edlio durante o per\u00edodo de baixas temperaturas.<\/p>\n<p><strong>Comunidade \u00e9 convidada a participar<\/strong><\/p>\n<p>As doa\u00e7\u00f5es podem ser entregues diretamente na Secretaria de Assist\u00eancia Social, de segunda a sexta-feira, nos hor\u00e1rios das 8h30 \u00e0s 11h e das 13h \u00e0s 16h.<\/p>\n<p>A campanha refor\u00e7a a import\u00e2ncia da participa\u00e7\u00e3o da popula\u00e7\u00e3o na arrecada\u00e7\u00e3o de agasalhos, mantas e roupas de inverno em bom estado de conserva\u00e7\u00e3o, contribuindo para proporcionar mais conforto e prote\u00e7\u00e3o \u00e0s fam\u00edlias atendidas.<\/p>\n<p>A Administra\u00e7\u00e3o Municipal destaca que a solidariedade da comunidade \u00e9 fundamental para o sucesso da iniciativa e para garantir um inverno mais acolhedor a quem mais precisa.<\/p>\n<\/div>\n<div class=\"fonte\"><em>Fonte: Sandro Crema &#8211; Jornalismo R\u00e1dio Ametista \/ ASCOM &#8211; Prefeitura Municipal de Alpestre<\/em><\/div>\n<\/div>","protected":false},"excerpt":{"rendered":"<p>A\u00e7\u00e3o da Secretaria de Assist\u00eancia Social busca arrecadar roupas e cobertores para auxiliar fam\u00edlias durante o inverno A Prefeitura de Alpestre, por meio da Secretaria Municipal de Assist\u00eancia Social, lan\u00e7ou&#8230;<\/p>","protected":false},"author":2,"featured_media":72735,"comment_status":"closed","ping_status":"closed","sticky":false,"template":"","format":"standard","meta":{"ngg_post_thumbnail":0,"footnotes":""},"categories":[28,33,43],"tags":[],"class_list":["post-72734","post","type-post","status-publish","format-standard","has-post-thumbnail","hentry","category-destaque","category-noticias","category-regiao"],"amp_enabled":true,"_links":{"self":[{"href":"https:\/\/www2.comunitaria.com.br\/en\/wp-json\/wp\/v2\/posts\/72734","targetHints":{"allow":["GET"]}}],"collection":[{"href":"https:\/\/www2.comunitaria.com.br\/en\/wp-json\/wp\/v2\/posts"}],"about":[{"href":"https:\/\/www2.comunitaria.com.br\/en\/wp-json\/wp\/v2\/types\/post"}],"author":[{"embeddable":true,"href":"https:\/\/www2.comunitaria.com.br\/en\/wp-json\/wp\/v2\/users\/2"}],"replies":[{"embeddable":true,"href":"https:\/\/www2.comunitaria.com.br\/en\/wp-json\/wp\/v2\/comments?post=72734"}],"version-history":[{"count":0,"href":"https:\/\/www2.comunitaria.com.br\/en\/wp-json\/wp\/v2\/posts\/72734\/revisions"}],"wp:featuredmedia":[{"embeddable":true,"href":"https:\/\/www2.comunitaria.com.br\/en\/wp-json\/wp\/v2\/media\/72735"}],"wp:attachment":[{"href":"https:\/\/www2.comunitaria.com.br\/en\/wp-json\/wp\/v2\/media?parent=72734"}],"wp:term":[{"taxonomy":"category","embeddable":true,"href":"https:\/\/www2.comunitaria.com.br\/en\/wp-json\/wp\/v2\/categories?post=72734"},{"taxonomy":"post_tag","embeddable":true,"href":"https:\/\/www2.comunitaria.com.br\/en\/wp-json\/wp\/v2\/tags?post=72734"}],"curies":[{"name":"wp","href":"https:\/\/api.w.org\/{rel}","templated":true}]}}