{"id":72665,"date":"2026-05-20T15:58:02","date_gmt":"2026-05-20T17:58:02","guid":{"rendered":"https:\/\/www2.comunitaria.com.br\/?p=72665"},"modified":"2026-05-20T15:58:02","modified_gmt":"2026-05-20T17:58:02","slug":"inscricoes-para-passeio-em-sao-miguel-do-oeste-encerram-nesta-quarta-feira-20-05","status":"publish","type":"post","link":"https:\/\/www2.comunitaria.com.br\/en\/inscricoes-para-passeio-em-sao-miguel-do-oeste-encerram-nesta-quarta-feira-20-05\/","title":{"rendered":"Inscri\u00e7\u00f5es para passeio em S\u00e3o Miguel do Oeste encerram nesta quarta-feira (20\/05)"},"content":{"rendered":"<p><em>Edi\u00e7\u00e3o do projeto Partiu Natureza, do Sesc Frederico Westphalen, acontece no s\u00e1bado e inclui atividades como escalada, tirolesa e arvorismo<\/em><\/p>\n<p dir=\"ltr\">Os interessados em participar da pr\u00f3xima edi\u00e7\u00e3o do Partiu Natureza, promovido pelo Sesc Frederico Westphalen, t\u00eam at\u00e9 esta quarta-feira, 20 de maio, para garantir inscri\u00e7\u00e3o no passeio. A atividade acontece no s\u00e1bado, dia 23 de maio, com destino a S\u00e3o Miguel do Oeste, em Santa Catarina, reunindo experi\u00eancias de aventura e contato com a natureza.<\/p>\n<p dir=\"ltr\">Com sa\u00edda prevista para \u00e0s 6h30, em frente ao Sesc Frederico Westphalen (Rua Arthur Milani, 854), o roteiro inclui transporte de ida e volta, almo\u00e7o, seguro e um pacote de atividades ao ar livre. Entre as atra\u00e7\u00f5es programadas est\u00e3o escaladas, tirolesa e arvorismo, proporcionando lazer, integra\u00e7\u00e3o e conex\u00e3o com o meio ambiente.<\/p>\n<p dir=\"ltr\">As vagas s\u00e3o limitadas e as inscri\u00e7\u00f5es devem ser realizadas pelo site do projeto, em <a href=\"http:\/\/sesc-rs.com.br\/partiunatureza\" target=\"_blank\" rel=\"noopener\" data-saferedirecturl=\"https:\/\/www.google.com\/url?q=http:\/\/sesc-rs.com.br\/partiunatureza&amp;source=gmail&amp;ust=1779385914695000&amp;usg=AOvVaw1rABkjkRR3mdlMPY4rXgeL\">www.sesc-rs.com.br\/<wbr>partiunatureza<\/a>, onde tamb\u00e9m est\u00e1 dispon\u00edvel o regulamento completo. Outras informa\u00e7\u00f5es podem ser obtidas pelas redes sociais do Sesc Frederico Westphalen ou pelo WhatsApp (55) 3744-7450.&nbsp;<\/p>","protected":false},"excerpt":{"rendered":"<p>Edi\u00e7\u00e3o do projeto Partiu Natureza, do Sesc Frederico Westphalen, acontece no s\u00e1bado e inclui atividades como escalada, tirolesa e arvorismo Os interessados em participar da pr\u00f3xima edi\u00e7\u00e3o do Partiu Natureza,&#8230;<\/p>","protected":false},"author":2,"featured_media":72666,"comment_status":"closed","ping_status":"closed","sticky":false,"template":"","format":"standard","meta":{"ngg_post_thumbnail":0,"footnotes":""},"categories":[42,28,33,43],"tags":[],"class_list":["post-72665","post","type-post","status-publish","format-standard","has-post-thumbnail","hentry","category-fred-west","category-destaque","category-noticias","category-regiao"],"amp_enabled":true,"_links":{"self":[{"href":"https:\/\/www2.comunitaria.com.br\/en\/wp-json\/wp\/v2\/posts\/72665","targetHints":{"allow":["GET"]}}],"collection":[{"href":"https:\/\/www2.comunitaria.com.br\/en\/wp-json\/wp\/v2\/posts"}],"about":[{"href":"https:\/\/www2.comunitaria.com.br\/en\/wp-json\/wp\/v2\/types\/post"}],"author":[{"embeddable":true,"href":"https:\/\/www2.comunitaria.com.br\/en\/wp-json\/wp\/v2\/users\/2"}],"replies":[{"embeddable":true,"href":"https:\/\/www2.comunitaria.com.br\/en\/wp-json\/wp\/v2\/comments?post=72665"}],"version-history":[{"count":0,"href":"https:\/\/www2.comunitaria.com.br\/en\/wp-json\/wp\/v2\/posts\/72665\/revisions"}],"wp:featuredmedia":[{"embeddable":true,"href":"https:\/\/www2.comunitaria.com.br\/en\/wp-json\/wp\/v2\/media\/72666"}],"wp:attachment":[{"href":"https:\/\/www2.comunitaria.com.br\/en\/wp-json\/wp\/v2\/media?parent=72665"}],"wp:term":[{"taxonomy":"category","embeddable":true,"href":"https:\/\/www2.comunitaria.com.br\/en\/wp-json\/wp\/v2\/categories?post=72665"},{"taxonomy":"post_tag","embeddable":true,"href":"https:\/\/www2.comunitaria.com.br\/en\/wp-json\/wp\/v2\/tags?post=72665"}],"curies":[{"name":"wp","href":"https:\/\/api.w.org\/{rel}","templated":true}]}}