{"id":72588,"date":"2026-05-11T15:46:55","date_gmt":"2026-05-11T17:46:55","guid":{"rendered":"https:\/\/www2.comunitaria.com.br\/?p=72588"},"modified":"2026-05-11T15:46:55","modified_gmt":"2026-05-11T17:46:55","slug":"centro-cultural-25-de-julho-de-frederico-westphalen-no-27o-encontro-de-grupos-de-dancas-folcloricas-alemas","status":"publish","type":"post","link":"https:\/\/www2.comunitaria.com.br\/en\/centro-cultural-25-de-julho-de-frederico-westphalen-no-27o-encontro-de-grupos-de-dancas-folcloricas-alemas\/","title":{"rendered":"Centro Cultural 25 de Julho de Frederico Westphalen no 27\u00ba Encontro de Grupos de Dan\u00e7as Folcl\u00f3ricas Alem\u00e3s"},"content":{"rendered":"<p>O Centro Cultural 25 de Julho de <span class=\"whitespace-normal\">Frederico Westphalen<\/span> participou do 27\u00ba Encontro de Grupos de Dan\u00e7as Folcl\u00f3ricas Alem\u00e3s da Associa\u00e7\u00e3o Regional Planalto M\u00e9dio e Alto Uruguai, realizado na cidade de <span class=\"whitespace-normal\">Tr\u00eas de Maio<\/span>. O evento deste s\u00e1bado (09) reuniu 27 grupos de dan\u00e7as folcl\u00f3ricas alem\u00e3s de toda a regi\u00e3o.<\/p>\n<p>Representando Frederico Westphalen, participaram cerca de 40 integrantes e acompanhantes, distribu\u00eddos em tr\u00eas categorias: Volkstanzgruppe S\u00fcnnros (adulto), Volkstanzgruppe Immer Fr\u00f6hlich (casais) e Volkstanzgruppe Edelweiss (juvenil). As apresenta\u00e7\u00f5es inclu\u00edram as dan\u00e7as Brandiswalzer, Der Schwingende e Schlittschuhl\u00e4ufer. Tamb\u00e9m foram realizadas dan\u00e7as de integra\u00e7\u00e3o, como All American Promenade e Jiffy Mixer.<\/p>\n<p>A programa\u00e7\u00e3o iniciou com uma carreata do trevo de acesso da cidade at\u00e9 o Sal\u00e3o Evang\u00e9lico, local onde aconteceram os Jogos Germ\u00e2nicos e o jantar. Em seguida, os grupos se deslocaram at\u00e9 o Clube Buric\u00e1 para as apresenta\u00e7\u00f5es folcl\u00f3ricas e o baile, animado pela <span class=\"whitespace-normal\">Super Banda K&#8217;necus<\/span>.<\/p>\n<p>Outro destaque da noite foi a estreia do grupo Kinder, do Tanzgruppe Maiblume, da cidade de Tr\u00eas de Maio.<\/p>","protected":false},"excerpt":{"rendered":"<p>O Centro Cultural 25 de Julho de Frederico Westphalen participou do 27\u00ba Encontro de Grupos de Dan\u00e7as Folcl\u00f3ricas Alem\u00e3s da Associa\u00e7\u00e3o Regional Planalto M\u00e9dio e Alto Uruguai, realizado na cidade&#8230;<\/p>","protected":false},"author":2,"featured_media":72589,"comment_status":"closed","ping_status":"closed","sticky":false,"template":"","format":"standard","meta":{"ngg_post_thumbnail":0,"footnotes":""},"categories":[42,28,33,43],"tags":[],"class_list":["post-72588","post","type-post","status-publish","format-standard","has-post-thumbnail","hentry","category-fred-west","category-destaque","category-noticias","category-regiao"],"amp_enabled":true,"_links":{"self":[{"href":"https:\/\/www2.comunitaria.com.br\/en\/wp-json\/wp\/v2\/posts\/72588","targetHints":{"allow":["GET"]}}],"collection":[{"href":"https:\/\/www2.comunitaria.com.br\/en\/wp-json\/wp\/v2\/posts"}],"about":[{"href":"https:\/\/www2.comunitaria.com.br\/en\/wp-json\/wp\/v2\/types\/post"}],"author":[{"embeddable":true,"href":"https:\/\/www2.comunitaria.com.br\/en\/wp-json\/wp\/v2\/users\/2"}],"replies":[{"embeddable":true,"href":"https:\/\/www2.comunitaria.com.br\/en\/wp-json\/wp\/v2\/comments?post=72588"}],"version-history":[{"count":0,"href":"https:\/\/www2.comunitaria.com.br\/en\/wp-json\/wp\/v2\/posts\/72588\/revisions"}],"wp:featuredmedia":[{"embeddable":true,"href":"https:\/\/www2.comunitaria.com.br\/en\/wp-json\/wp\/v2\/media\/72589"}],"wp:attachment":[{"href":"https:\/\/www2.comunitaria.com.br\/en\/wp-json\/wp\/v2\/media?parent=72588"}],"wp:term":[{"taxonomy":"category","embeddable":true,"href":"https:\/\/www2.comunitaria.com.br\/en\/wp-json\/wp\/v2\/categories?post=72588"},{"taxonomy":"post_tag","embeddable":true,"href":"https:\/\/www2.comunitaria.com.br\/en\/wp-json\/wp\/v2\/tags?post=72588"}],"curies":[{"name":"wp","href":"https:\/\/api.w.org\/{rel}","templated":true}]}}